{"id":4840,"date":"2019-02-10T07:15:28","date_gmt":"2019-02-10T07:15:28","guid":{"rendered":"https:\/\/yepcampers.com\/?p=4840"},"modified":"2020-02-02T08:48:20","modified_gmt":"2020-02-02T08:48:20","slug":"itinerario-camper-costa-meridionale-sarda","status":"publish","type":"post","link":"https:\/\/yepcampers.com\/it\/blog\/itinerari-sardegna\/itinerario-camper-costa-meridionale-sarda\/","title":{"rendered":"5 giorni in Sardegna nel mare cristallino della costa meridionale"},"content":{"rendered":"\n<p class=\"has-text-align-center\">Con questo magnifico itinerario, passeremo <strong>5 giorni in Sardegna<\/strong> alla scoperta della meravigliosa costa meridionale! Preparatevi a scoprire le spiaggie ed insenature pi\u00f9 nascoste! <\/p>\n\n\n\n\n\n<h2 class=\"wp-block-heading\" id=\"0-5-giorni-in-sardegna-con-partenza-e-rientro-da-cagliari\">5 giorni in Sardegna con partenza e rientro da Cagliari<\/h2>\n\n\n\n<p>L&#8217;itinerario partir\u00e0 da Cagliari, la bella citt\u00e0 capoluogo della Sardegna, per farci visitare le spiagge pi\u00f9 famose e molte insenature ancora poco frequentate. Per un viaggio breve di 5 giorni in Sardegna una ottima soluzione pu\u00f2 essere <a data-abc=\"true\" href=\"https:\/\/yepcampers.com\/it\/il-tuo-viaggio\/#consegna-restituzione\">noleggiare un camper a Cagliari aeroporto<\/a>.<\/p>\n\n\n\n<p>Il primo giorno ci dirigeremo verso la costa orientale nella famosa localit\u00e0 turistica di Villasimius, attraverso la panoramica litoranea che costeggia la meravigliosa costa meridionale sarda. Per godere al massimo l&#8217;itinerario consigliamo di non imboccare la SS 125 ma di percorrere la vecchia litoranea, una strada panoramica con scenari mozzafiato.<\/p>\n\n\n\n<h2 class=\"wp-block-heading\" id=\"1-la-spiaggia-del-poetto\">La spiaggia del Poetto<\/h2>\n\n\n\n<p>Per arrivare a Villasimius attraverseremo la spiaggia del Poetto, la lunga e famosa spiaggia dei cagliaritani e forse di un&#8217;intera provincia. Sino a qualche decina di anni fa ornata di alte dune, la spiaggia del Poetto si raggiunge assai facilmente dal centro di Cagliari.<\/p>\n\n\n\n<figure class=\"wp-block-image\"><img fetchpriority=\"high\" decoding=\"async\" width=\"960\" height=\"659\" src=\"https:\/\/yepcampers.com\/wp-content\/uploads\/2019\/02\/cagliari-poetto-sella-diavolo.jpg\" alt=\"5 giorni in Sardegna | Sella del Diavolo\" class=\"wp-image-4859\" srcset=\"https:\/\/yepcampers.com\/wp-content\/uploads\/2019\/02\/cagliari-poetto-sella-diavolo.jpg 960w, https:\/\/yepcampers.com\/wp-content\/uploads\/2019\/02\/cagliari-poetto-sella-diavolo-400x275.jpg 400w, https:\/\/yepcampers.com\/wp-content\/uploads\/2019\/02\/cagliari-poetto-sella-diavolo-768x527.jpg 768w, https:\/\/yepcampers.com\/wp-content\/uploads\/2019\/02\/cagliari-poetto-sella-diavolo-500x343.jpg 500w\" sizes=\"(max-width: 960px) 100vw, 960px\" \/><figcaption>La spiaggia del Poetto con la caratteristica Sella del Diavolo sullo sfondo<\/figcaption><\/figure>\n\n\n\n<p>Il clima mite di questa parte di Sardegna permette, infatti, ai fortunati cagliaritani di vivere il Poetto durante tutto l&#8217;anno. La spiaggia del Poetto \u00e8 dotata di piste ciclabili e pedonali che convogliano qui, tutti i giorni dell&#8217;anno, un gran numero di sportivi e famiglie per vivere all&#8217;aria aperta! <\/p>\n\n\n\n<h2 class=\"wp-block-heading\" id=\"2-la-litoranea-per-villasimius-e-costa-rei\">La litoranea per Villasimius e Costa Rei<\/h2>\n\n\n\n<p>Superata la lunga spiaggia del Poetto, bastano 20 km circa per iniziare a percorrere la litoranea per Villasimius e Costa Rei, un meraviglioso tratto panoramico di costa. Consigliamo di fermarsi per una sosta in una delle piazzole della strada per ammirare le cristalline cale ed insenature della costa meridionale sarda. Siamo certi che adorerete il mare cristallino di Cala Regina e della piccola e splendida insenatura di Mare Pintau!<\/p>\n\n\n\n<figure class=\"wp-block-image\"><img decoding=\"async\" width=\"960\" height=\"540\" src=\"https:\/\/yepcampers.com\/wp-content\/uploads\/2019\/02\/cala-regina.jpg\" alt=\"5 giorni in Sardegna | Cala Regina\" class=\"wp-image-4915\" srcset=\"https:\/\/yepcampers.com\/wp-content\/uploads\/2019\/02\/cala-regina.jpg 960w, https:\/\/yepcampers.com\/wp-content\/uploads\/2019\/02\/cala-regina-400x225.jpg 400w, https:\/\/yepcampers.com\/wp-content\/uploads\/2019\/02\/cala-regina-768x432.jpg 768w, https:\/\/yepcampers.com\/wp-content\/uploads\/2019\/02\/cala-regina-500x281.jpg 500w\" sizes=\"(max-width: 960px) 100vw, 960px\" \/><figcaption>Cala Regina, una delle tante insenature mozzafiato della litoranea per Villasimius<\/figcaption><\/figure>\n\n\n\n<p>In questo tratto di seducente costa troverete anche spiagge pi\u00f9 ampie quali quelle di Solanas, Porto Sa Ruxi e Campus, sino a raggiungere le spiagge di  Villasimius.  <\/p>\n\n\n\n<h2 class=\"wp-block-heading\" id=\"3-spiagge-di-villasimius\">Spiagge di Villasimius<\/h2>\n\n\n\n<p>Le spiagge di Villasimius quali Notteri, Simius e Porto Giunco sono divenute sempre pi\u00f9 meta di tanti residenti e visitatori. Tra le varie spiagge di Villasimius, consigliamo certamente la visita della meravigliosa Porto Giunco, cristallino paradiso terrestre con alle sue spalle una splendida laguna.<\/p>\n\n\n\n<figure class=\"wp-block-image\"><img decoding=\"async\" width=\"960\" height=\"480\" src=\"https:\/\/yepcampers.com\/wp-content\/uploads\/2019\/02\/villasimius-spiaggia-porto-giunco.jpg\" alt=\"5 giorni in Sardegna | Porto Giunco\" class=\"wp-image-4865\" srcset=\"https:\/\/yepcampers.com\/wp-content\/uploads\/2019\/02\/villasimius-spiaggia-porto-giunco.jpg 960w, https:\/\/yepcampers.com\/wp-content\/uploads\/2019\/02\/villasimius-spiaggia-porto-giunco-400x200.jpg 400w, https:\/\/yepcampers.com\/wp-content\/uploads\/2019\/02\/villasimius-spiaggia-porto-giunco-768x384.jpg 768w, https:\/\/yepcampers.com\/wp-content\/uploads\/2019\/02\/villasimius-spiaggia-porto-giunco-500x250.jpg 500w\" sizes=\"(max-width: 960px) 100vw, 960px\" \/><figcaption>La meravigliosa spiaggia di Porto Giunco, paradiso della costa meridionale<\/figcaption><\/figure>\n\n\n\n<p><strong>Villasi<\/strong>mius \u00e8 assai animata nel periodo estivo e nella tarda primavera e nel primo autunno, cos\u00ec da potervi trascorrere la prima notte di questo itinerario. Dopo Capo Carbonara, estrema propaggine di Villasimius, la costa prosegue verso nord in direzione di un\u2019altra ben conosciuta localit\u00e0 balneare, Costa Rei.<\/p>\n\n\n\n<h2 class=\"wp-block-heading\" id=\"4-spiagge-di-costa-rei\">Spiagge di Costa Rei<\/h2>\n\n\n\n<p>Le spiagge di Costa Rei sono famose per la loro lunghezza, per le loro sabbie bianche e per le acque cristalline. Una delle prime spiagge di Costa Rei che si incontra \u00e8 la bella Cala Sinzias, spiaggia dotata di un&#8217;area di sosta organizzata per i camper gratis in molti periodi dell&#8217;anno.<\/p>\n\n\n\n<figure class=\"wp-block-image\"><img loading=\"lazy\" decoding=\"async\" width=\"960\" height=\"680\" src=\"https:\/\/yepcampers.com\/wp-content\/uploads\/2019\/02\/cala-sinzias-sosta-camper.jpg\" alt=\"Cala Sinzias\" class=\"wp-image-4871\" srcset=\"https:\/\/yepcampers.com\/wp-content\/uploads\/2019\/02\/cala-sinzias-sosta-camper.jpg 960w, https:\/\/yepcampers.com\/wp-content\/uploads\/2019\/02\/cala-sinzias-sosta-camper-400x283.jpg 400w, https:\/\/yepcampers.com\/wp-content\/uploads\/2019\/02\/cala-sinzias-sosta-camper-768x544.jpg 768w, https:\/\/yepcampers.com\/wp-content\/uploads\/2019\/02\/cala-sinzias-sosta-camper-500x354.jpg 500w\" sizes=\"(max-width: 960px) 100vw, 960px\" \/><figcaption>Cala Sinzias con l&#8217;area di sosta camper libera affacciata sul mare<\/figcaption><\/figure>\n\n\n\n<p>Superata la bella Cala Sinzias, la provinciale 18 ci conduce nelle selvagge e grandi insenature di Monte Nai e di Piscina Rei. Oltre alla autenticit\u00e0 delle spiagge che sono per la maggior parte libere, qui si trovano calette pittoresche e soprattutto un mare cristallino ed incontaminato. <\/p>\n\n\n\n<figure class=\"wp-block-image\"><img loading=\"lazy\" decoding=\"async\" width=\"960\" height=\"680\" src=\"https:\/\/yepcampers.com\/wp-content\/uploads\/2019\/02\/spiagge-costa-rei.jpg\" alt=\"Le spiagge di Costa Rei dalla sabbia bianca e le acque cristallino in una foto aerea\" class=\"wp-image-4877\" srcset=\"https:\/\/yepcampers.com\/wp-content\/uploads\/2019\/02\/spiagge-costa-rei.jpg 960w, https:\/\/yepcampers.com\/wp-content\/uploads\/2019\/02\/spiagge-costa-rei-400x283.jpg 400w, https:\/\/yepcampers.com\/wp-content\/uploads\/2019\/02\/spiagge-costa-rei-768x544.jpg 768w, https:\/\/yepcampers.com\/wp-content\/uploads\/2019\/02\/spiagge-costa-rei-500x354.jpg 500w\" sizes=\"(max-width: 960px) 100vw, 960px\" \/><figcaption>Le spiagge di Costa Rei, sabbia bianca e mare cristallino per chilometri di costa<\/figcaption><\/figure>\n\n\n\n<p>Nel 2009, la localit\u00e0 \u00e8 stata insignita del \u201cTravel blogger award\u201d dalla prestigiosa casa editrice di guide di viaggio \u201cLonely Planet\u201d, che ha incluso Costa Rei tra le 10 spiagge pi\u00f9 belle del mondo. Nella stessa giornata, ancora verso nord, si raggiungono cale meno note ma non prive di fascino, in prossimit\u00e0 dello stagno di Colostrai, in territorio di Muravera nei cui pressi pernottare. <\/p>\n\n\n\n<h2 class=\"wp-block-heading\" id=\"5-nora-e-le-spiagge-di-chia\">Nora e le spiagge di Chia<\/h2>\n\n\n\n<p>Nora e le spiagge di Chia saranno la meta odierna del nostro itinerario di 5 giorni in Sardegna.  Lasceremo, quindi, il lato est della costa meridionale della Sardegna per dirigerci ad ovest del capoluogo. Possiamo farlo in due modi. Attraverso lo stesso bel itinerario fatto all&#8217;andata, magari visitando qualche altra spiaggia od insenatura, oppure attraverso la pi\u00f9 veloce nuova strada statale 125. In entrambi i casi, una volta superata la citt\u00e0 di Cagliari, imboccheremo la S.S. 195 in direzione di Pula.<\/p>\n\n\n\n<h3 class=\"wp-block-heading\" id=\"6-il-sito-archeologico-di-nora\">Il sito archeologico di Nora<\/h3>\n\n\n\n<p>Il sito archeologico di Nora si trova a pochi km dal centro di Pula,\u00a0in\u00a0un promontorio ricco di storia e di fascino. Nora, antica citt\u00e0 sorta nei pressi di preesistenti insediamenti nuragici, \u00e8 di fondazione fenicia.<\/p>\n\n\n\n<figure class=\"wp-block-image\"><img loading=\"lazy\" decoding=\"async\" width=\"960\" height=\"640\" src=\"https:\/\/yepcampers.com\/wp-content\/uploads\/2019\/02\/nora-sito-archeologico.jpg\" alt=\"5 giorni in Sardegna | rovine di Nora\" class=\"wp-image-4887\" srcset=\"https:\/\/yepcampers.com\/wp-content\/uploads\/2019\/02\/nora-sito-archeologico.jpg 960w, https:\/\/yepcampers.com\/wp-content\/uploads\/2019\/02\/nora-sito-archeologico-400x267.jpg 400w, https:\/\/yepcampers.com\/wp-content\/uploads\/2019\/02\/nora-sito-archeologico-768x512.jpg 768w, https:\/\/yepcampers.com\/wp-content\/uploads\/2019\/02\/nora-sito-archeologico-500x333.jpg 500w\" sizes=\"(max-width: 960px) 100vw, 960px\" \/><figcaption>Il sito archeologico di Nora, incastonato nella sua incantevole baia<\/figcaption><\/figure>\n\n\n\n<p>Successivamente punica e romana, Nora conserva vestigia di questa epoca ed i ruderi attualmente presenti testimoniano lo sviluppo della citt\u00e0 in particolare nel II e III secolo. Della citt\u00e0 romana si conservano i resti di numerosi edifici quali foro, teatro, anfiteatro, impianti termali e case di abitazione. I materiali archeologici testimoniano la continuazione e la prosperit\u00e0 dei commerci con le regioni affacciate sul mar Mediterraneo.<\/p>\n\n\n\n<p>Ripresa la S.S. 195, il nostro itinerario di 5 giorni in Sardegna prevede la visita all\u2019antico insediamento di Bithia, oggi la ben conosciuta Chia.  Questa localit\u00e0 dispone di un esteso e bellissimo litorale sabbioso, al cui lato sono intatte molte dune, protette dal vento da una folta macchia mediterranea. Una volta a Chia consigliamo di salire sulle torre omonima, dalla quale potrete ammirare molti km di questa costa dove potrete sostare per la notte. Il giorno successivo, percorrendo la litoranea in direzione di Capo Spartivento, si incontrano spiagge ed insenature di grande bellezza. <\/p>\n\n\n\n<h3 class=\"wp-block-heading\" id=\"7-spiaggia-di-su-giudeu\">Spiaggia di Su Giudeu<\/h3>\n\n\n\n<p> La spiaggia di Su Giudeu, detta anche spiaggia de S&#8217;Abba Durci (spiaggia dell&#8217;acqua dolce), \u00e8 una lunga distesa sabbiosa che costituisce insieme a Porto Campana la suggestiva formazione dunale di Spartivento, una delle pi\u00f9 estese della Sardegna meridionale. <\/p>\n\n\n\n<figure class=\"wp-block-image\"><img loading=\"lazy\" decoding=\"async\" width=\"960\" height=\"640\" src=\"https:\/\/yepcampers.com\/wp-content\/uploads\/2019\/02\/chia-su-giudeu.jpg\" alt=\"5 giorni in Sardegna | Su Giudeu\" class=\"wp-image-4893\" srcset=\"https:\/\/yepcampers.com\/wp-content\/uploads\/2019\/02\/chia-su-giudeu.jpg 960w, https:\/\/yepcampers.com\/wp-content\/uploads\/2019\/02\/chia-su-giudeu-400x267.jpg 400w, https:\/\/yepcampers.com\/wp-content\/uploads\/2019\/02\/chia-su-giudeu-768x512.jpg 768w, https:\/\/yepcampers.com\/wp-content\/uploads\/2019\/02\/chia-su-giudeu-500x333.jpg 500w\" sizes=\"(max-width: 960px) 100vw, 960px\" \/><figcaption>La spiaggia di Su Giudeu, con il suo caratteristico isolotto raggiungibile a piedi durante la bassa marea<\/figcaption><\/figure>\n\n\n\n<p> Su Giudeu \u00e8 tanto affascinante che \u00e8 stata diverse volte scenario di film e spot televisivi.<\/p>\n\n\n\n<h3 class=\"wp-block-heading\" id=\"8-spiaggia-di-tuerredda\">Spiaggia di Tuerredda<\/h3>\n\n\n\n<p>Passato il capo, un\u2019altra meraviglia ci attende. La spiaggia di Tuerredda che si insinua nello splendido mare di fronte a Capo Malfatano \u00e8 presente in tantissime immagini pubblicitarie del\u2019isola, e non sar\u00e0 possibile non soffermarvisi, qui o nelle belle localit\u00e0 vicine come Piscinni , Campionna o Budelli, dove questo bellissimo tratto di costa ha termine, al limite della zona militare di Capo Teudada.<\/p>\n\n\n\n<figure class=\"wp-block-image\"><img loading=\"lazy\" decoding=\"async\" width=\"960\" height=\"720\" src=\"https:\/\/yepcampers.com\/wp-content\/uploads\/2019\/02\/spiaggia-tuerredda-camper.jpg\" alt=\"\" class=\"wp-image-4909\" srcset=\"https:\/\/yepcampers.com\/wp-content\/uploads\/2019\/02\/spiaggia-tuerredda-camper.jpg 960w, https:\/\/yepcampers.com\/wp-content\/uploads\/2019\/02\/spiaggia-tuerredda-camper-400x300.jpg 400w, https:\/\/yepcampers.com\/wp-content\/uploads\/2019\/02\/spiaggia-tuerredda-camper-768x576.jpg 768w, https:\/\/yepcampers.com\/wp-content\/uploads\/2019\/02\/spiaggia-tuerredda-camper-500x375.jpg 500w\" sizes=\"(max-width: 960px) 100vw, 960px\" \/><figcaption>La spiaggia di Tuerredda dal camper  con ben visibile il suo caratteristico isolotto<\/figcaption><\/figure>\n\n\n\n<h2 class=\"wp-block-heading\" id=\"9-verso-cagliari-la-citt%C3%A0-del-sole\">Verso Cagliari, la citt\u00e0 del sole<\/h2>\n\n\n\n<p>Il rientro a Cagliari nell&#8217;ultimo dei 5 giorni in Sardegna pu\u00f2 prevedere, per gli amanti dei luoghi selvaggi e poco popolati, lo spostamento da Teulada a Domusdemaria. Nei circa 15 curvosi km che separano queste localit\u00e0, si passano aspre colline in prossimit\u00e0 di diversi nuraghi, per poi ricongiungersi alla S.S. 195 che porta a Cagliari.<\/p>\n\n\n\n<p>Una volta arrivati in citt\u00e0, secondo il tempo a disposizione si possono visitare vari punti di interesse di Cagliari. Sempre consigliata la visita al quartiere della Marina o le sommit\u00e0 del <a href=\"http:\/\/www.cagliariturismo.it\/it\/itinerari\/storia-5\/visita-al-quartiere-di-castello-2\" target=\"_blank\" rel=\"noopener\">quartiere di Castello<\/a> da cui, in prossimit\u00e0 di Porta Cristina, \u00e8 possibile volgere lo sguardo a sud-ovest, proprio verso quel tratto di costa che abbiamo appena lasciato.<\/p>\n\n\n\n<p class=\"has-text-align-center has-small-font-size\">Cagliari \u00e8 chiamata la citt\u00e0 del sole ed \u00e8 il luogo ideale per un itinerario breve alla scoperta della costa meridionale della Sardegna! Visita Cagliari e la costa meridionale con Yep Campers, chiedi la consegna e restituzione del camper in citt\u00e0 o presso Cagliari aeroporto\u00a0alla\u00a0<a data-abc=\"true\" href=\"https:\/\/yepcampers.com\/it\/\">prenotazione<\/a>!<br><\/p>\n","protected":false},"excerpt":{"rendered":"<p>Con questo magnifico itinerario, passeremo 5 giorni in Sardegna alla scoperta della meravigliosa costa meridionale! Preparatevi a scoprire le spiaggie ed insenature pi\u00f9 nascoste! 5 giorni in Sardegna con partenza e rientro da Cagliari L&#8217;itinerario partir\u00e0 da Cagliari, la bella citt\u00e0 capoluogo della Sardegna, per farci visitare le spiagge pi\u00f9 famose e molte insenature ancora [&hellip;]<\/p>\n","protected":false},"author":4,"featured_media":4898,"comment_status":"closed","ping_status":"closed","sticky":false,"template":"","format":"standard","meta":{"site-sidebar-layout":"right-sidebar","site-content-layout":"plain-container","ast-site-content-layout":"default","site-content-style":"default","site-sidebar-style":"default","ast-global-header-display":"","ast-banner-title-visibility":"","ast-main-header-display":"","ast-hfb-above-header-display":"","ast-hfb-below-header-display":"","ast-hfb-mobile-header-display":"","site-post-title":"","ast-breadcrumbs-content":"","ast-featured-img":"","footer-sml-layout":"","ast-disable-related-posts":"","theme-transparent-header-meta":"default","adv-header-id-meta":"","stick-header-meta":"default","header-above-stick-meta":"","header-main-stick-meta":"","header-below-stick-meta":"","astra-migrate-meta-layouts":"default","ast-page-background-enabled":"default","ast-page-background-meta":{"desktop":{"background-color":"","background-image":"","background-repeat":"repeat","background-position":"center center","background-size":"auto","background-attachment":"scroll","background-type":"","background-media":"","overlay-type":"","overlay-color":"","overlay-opacity":"","overlay-gradient":""},"tablet":{"background-color":"","background-image":"","background-repeat":"repeat","background-position":"center center","background-size":"auto","background-attachment":"scroll","background-type":"","background-media":"","overlay-type":"","overlay-color":"","overlay-opacity":"","overlay-gradient":""},"mobile":{"background-color":"","background-image":"","background-repeat":"repeat","background-position":"center center","background-size":"auto","background-attachment":"scroll","background-type":"","background-media":"","overlay-type":"","overlay-color":"","overlay-opacity":"","overlay-gradient":""}},"ast-content-background-meta":{"desktop":{"background-color":"var(--ast-global-color-5)","background-image":"","background-repeat":"repeat","background-position":"center center","background-size":"auto","background-attachment":"scroll","background-type":"","background-media":"","overlay-type":"","overlay-color":"","overlay-opacity":"","overlay-gradient":""},"tablet":{"background-color":"var(--ast-global-color-5)","background-image":"","background-repeat":"repeat","background-position":"center center","background-size":"auto","background-attachment":"scroll","background-type":"","background-media":"","overlay-type":"","overlay-color":"","overlay-opacity":"","overlay-gradient":""},"mobile":{"background-color":"var(--ast-global-color-5)","background-image":"","background-repeat":"repeat","background-position":"center center","background-size":"auto","background-attachment":"scroll","background-type":"","background-media":"","overlay-type":"","overlay-color":"","overlay-opacity":"","overlay-gradient":""}},"footnotes":""},"categories":[40],"tags":[],"class_list":["post-4840","post","type-post","status-publish","format-standard","has-post-thumbnail","hentry","category-itinerari-sardegna"],"_links":{"self":[{"href":"https:\/\/yepcampers.com\/it\/wp-json\/wp\/v2\/posts\/4840","targetHints":{"allow":["GET"]}}],"collection":[{"href":"https:\/\/yepcampers.com\/it\/wp-json\/wp\/v2\/posts"}],"about":[{"href":"https:\/\/yepcampers.com\/it\/wp-json\/wp\/v2\/types\/post"}],"author":[{"embeddable":true,"href":"https:\/\/yepcampers.com\/it\/wp-json\/wp\/v2\/users\/4"}],"replies":[{"embeddable":true,"href":"https:\/\/yepcampers.com\/it\/wp-json\/wp\/v2\/comments?post=4840"}],"version-history":[{"count":0,"href":"https:\/\/yepcampers.com\/it\/wp-json\/wp\/v2\/posts\/4840\/revisions"}],"wp:featuredmedia":[{"embeddable":true,"href":"https:\/\/yepcampers.com\/it\/wp-json\/wp\/v2\/media\/4898"}],"wp:attachment":[{"href":"https:\/\/yepcampers.com\/it\/wp-json\/wp\/v2\/media?parent=4840"}],"wp:term":[{"taxonomy":"category","embeddable":true,"href":"https:\/\/yepcampers.com\/it\/wp-json\/wp\/v2\/categories?post=4840"},{"taxonomy":"post_tag","embeddable":true,"href":"https:\/\/yepcampers.com\/it\/wp-json\/wp\/v2\/tags?post=4840"}],"curies":[{"name":"wp","href":"https:\/\/api.w.org\/{rel}","templated":true}]}}