{"id":4391,"date":"2019-02-03T15:35:58","date_gmt":"2019-02-03T15:35:58","guid":{"rendered":"https:\/\/yepcampers.com\/?p=4391"},"modified":"2020-02-02T08:36:08","modified_gmt":"2020-02-02T08:36:08","slug":"sardegna-camper-itinerario-sud-occidentale","status":"publish","type":"post","link":"https:\/\/yepcampers.com\/it\/blog\/itinerari-sardegna\/sardegna-camper-itinerario-sud-occidentale\/","title":{"rendered":"10 giorni in Sardegna nella meravigliosa costa sud occidentale"},"content":{"rendered":"\n<p class=\"has-text-align-center\">Uno stupendo itinerario di <strong>10 giorni in Sardegna<\/strong> ci porter\u00e0 alla scoperta della sua costa sud occidentale tra localit\u00e0 sul mare e selvagge e meno note zone dell\u2019entroterra<strong>.<\/strong><\/p>\n\n\n\n\n\n<h2 class=\"wp-block-heading\" id=\"0-10-giorni-in-sardegna-con-partenza-da-cagliari\">10 giorni in Sardegna con partenza da Cagliari<\/h2>\n\n\n\n<p>L&#8217;itinerario parte da Cagliari, affascinante e ridente capoluogo dell\u2019isola, per proseguire verso il Sulcis e la costa occidentale.&nbsp;<\/p>\n\n\n\n<figure class=\"wp-block-image\"><img fetchpriority=\"high\" decoding=\"async\" width=\"960\" height=\"480\" src=\"https:\/\/yepcampers.com\/wp-content\/uploads\/2019\/01\/cagliari-tramonto.jpg\" alt=\"Tramonto Cagliari\" class=\"wp-image-4709\" srcset=\"https:\/\/yepcampers.com\/wp-content\/uploads\/2019\/01\/cagliari-tramonto.jpg 960w, https:\/\/yepcampers.com\/wp-content\/uploads\/2019\/01\/cagliari-tramonto-400x200.jpg 400w, https:\/\/yepcampers.com\/wp-content\/uploads\/2019\/01\/cagliari-tramonto-768x384.jpg 768w, https:\/\/yepcampers.com\/wp-content\/uploads\/2019\/01\/cagliari-tramonto-500x250.jpg 500w\" sizes=\"(max-width: 960px) 100vw, 960px\" \/><figcaption>Tramonto nella bella Cagliari, circondata dal mare<\/figcaption><\/figure>\n\n\n\n<h2 class=\"wp-block-heading\" id=\"1-la-costa-sud-occidentale-della-sardegna-da-cagliari-verso-liglesiente-\">La costa sud occidentale della Sardegna, da Cagliari verso l&#8217;Iglesiente <\/h2>\n\n\n\n<p>Nel primo dei nostri 10 giorni in Sardegna ci sposteremo verso l\u2019entroterra, attraverso boschi e zone solitarie. Percorsa la S.S. 130 in direzione di Iglesias, in prossimit\u00e0 di Siliqua svoltiamo verso la S.S. 293 in direzione di Giba. Il sinistro castello di Acquafredda, la cui costruzione si deve al celebre nobile pisano Ugolino Della Gherardesca, svetta al lato sinistro della strada. Vale la pena ricordare come le vicende del conte Ugolino siano divenute illustri grazie ai versi di Dante Alighieri nella Divina Commedia.<\/p>\n\n\n\n<figure class=\"wp-block-image\"><img decoding=\"async\" width=\"960\" height=\"480\" src=\"https:\/\/yepcampers.com\/wp-content\/uploads\/2019\/01\/castello-acquafredda-notturna.jpg\" alt=\"Costa sud occidentale Sardegna\" class=\"wp-image-4413\" srcset=\"https:\/\/yepcampers.com\/wp-content\/uploads\/2019\/01\/castello-acquafredda-notturna.jpg 960w, https:\/\/yepcampers.com\/wp-content\/uploads\/2019\/01\/castello-acquafredda-notturna-400x200.jpg 400w, https:\/\/yepcampers.com\/wp-content\/uploads\/2019\/01\/castello-acquafredda-notturna-768x384.jpg 768w, https:\/\/yepcampers.com\/wp-content\/uploads\/2019\/01\/castello-acquafredda-notturna-500x250.jpg 500w\" sizes=\"(max-width: 960px) 100vw, 960px\" \/><figcaption>Il castello di Acquafredda, foto GML <\/figcaption><\/figure>\n\n\n\n<p>Dal mercoled\u00ec alla domenica i pi\u00f9 curiosi potranno prenotare, con qualche giorno di anticipo, la visita guidata del castello contattando la <strong><a href=\"https:\/\/castellodiacquafredda.com\/\" target=\"_blank\" rel=\"noopener\">Societ\u00e0 Cooperativa Antarias.<\/a><\/strong> Quest&#8217;ultima \u00e8 il gestore di questa importante testimonianza di struttura fortificata di epoca medioevale. <\/p>\n\n\n\n<p>Pi\u00f9 avanti, attraverso boschi e distese di macchia mediterranea molto pittoresche, si raggiunge la localit\u00e0 di Acquacadda e poi il paese di Nuxis. Proprio Nuxis \u00e8 un paese famoso in Sardegna per la grande disponibilit\u00e0 e variet\u00e0 di funghi nel suo territorio. Ritornando sulla S.S. 293 si raggiunge Giba, Sant\u2019Anna Arresi ed infine Porto Pino, prima perla del nostro itinerario in camper nella Sardegna sud occidentale.<\/p>\n\n\n\n<h2 class=\"wp-block-heading\" id=\"2-porto-pino-perla-della-costa-sud-occidentale-della-sardegna\">Porto Pino perla della costa sud occidentale della Sardegna<\/h2>\n\n\n\n<p>Il secondo giorno inizia proprio presso Porto Pino, la cui spiaggia, lunga circa quattro chilometri, e\u0300 divisa in due parti da una vecchia \u2018presa a mare\u2019 per gli stagni: la prima e la seconda spiaggia. <\/p>\n\n\n\n<figure class=\"wp-block-image\"><img decoding=\"async\" width=\"960\" height=\"640\" src=\"https:\/\/yepcampers.com\/wp-content\/uploads\/2019\/01\/porto-pino-prima-spiaggia-1.jpg\" alt=\"10 giorni in Sardegna | Porto Pino\" class=\"wp-image-4659\" srcset=\"https:\/\/yepcampers.com\/wp-content\/uploads\/2019\/01\/porto-pino-prima-spiaggia-1.jpg 960w, https:\/\/yepcampers.com\/wp-content\/uploads\/2019\/01\/porto-pino-prima-spiaggia-1-400x267.jpg 400w, https:\/\/yepcampers.com\/wp-content\/uploads\/2019\/01\/porto-pino-prima-spiaggia-1-768x512.jpg 768w, https:\/\/yepcampers.com\/wp-content\/uploads\/2019\/01\/porto-pino-prima-spiaggia-1-500x333.jpg 500w\" sizes=\"(max-width: 960px) 100vw, 960px\" \/><figcaption>La prima spiaggia di Porto Pino con le sue acque trasparenti<\/figcaption><\/figure>\n\n\n\n<p>La Prima Spiaggia, poco distante dai parcheggi della localit\u00e0, e\u0300 caratterizzata da sabbia grigiastra. La Seconda Spiaggia , incastonata fra lagune e pineta, \u00e8 invece formata da una meravigliosa sabbia bianchissima e confina con la stupefacente Is Arenas Biancas. Quest&#8217;ultima,sino a qualche anno fa interdetta al pubblico, \u00e8 un&#8217;affascinante distesa di morbide e alte colline sabbiose che raggiungono anche i trenta metri d\u2019altezza.<\/p>\n\n\n\n<figure class=\"wp-block-image\"><img loading=\"lazy\" decoding=\"async\" width=\"960\" height=\"640\" src=\"https:\/\/yepcampers.com\/wp-content\/uploads\/2019\/01\/porto-pino-dune-1.jpg\" alt=\"Costa sud occidentale Sardegna\" class=\"wp-image-4665\" srcset=\"https:\/\/yepcampers.com\/wp-content\/uploads\/2019\/01\/porto-pino-dune-1.jpg 960w, https:\/\/yepcampers.com\/wp-content\/uploads\/2019\/01\/porto-pino-dune-1-400x267.jpg 400w, https:\/\/yepcampers.com\/wp-content\/uploads\/2019\/01\/porto-pino-dune-1-768x512.jpg 768w, https:\/\/yepcampers.com\/wp-content\/uploads\/2019\/01\/porto-pino-dune-1-500x333.jpg 500w\" sizes=\"(max-width: 960px) 100vw, 960px\" \/><figcaption>Le meravigliose dune di Porto Pino affacciate sul mare <\/figcaption><\/figure>\n\n\n\n<p>Da Porto Pino, ripresa la strada verso Sant\u2019Anna Arresi, prenderemo dopo qualche km, all\u2019altezza de Is Pillonis, la provinciale 73 verso S. Giovanni Suergiu per poi raggiungere Sant\u2019Antioco, seconda tappa notturna dell\u2019itinerario.<\/p>\n\n\n\n<h2 class=\"wp-block-heading\" id=\"3-le-spiagge-di-santantioco\">Le spiagge di Sant&#8217;Antioco<\/h2>\n\n\n\n<p>Il terzo giorno \u00e8 interamente dedicato alla visita di Sant&#8217;Antioco e le sue spiagge. Il centro omonimo dispone di siti interessantissimi da un punto di vista archeologico. Qui si trovano catacombe precristiane, una necropoli punica ed il tophet, luogo sacro nelle pratiche religiose dei Fenici e dei Punici. La descrizione del sito da parte di guide specializzate sar\u00e0 completa e coinvolgente. <\/p>\n\n\n\n<p>Esplorare l&#8217;isola ci porter\u00e0 a conoscere luoghi poco frequentati ma di notevole bellezza come, nella costa occidentale, le spiagge di Cala Lunga e Cala Sapone<\/p>\n\n\n\n<figure class=\"wp-block-image\"><img loading=\"lazy\" decoding=\"async\" width=\"960\" height=\"540\" src=\"https:\/\/yepcampers.com\/wp-content\/uploads\/2019\/01\/cala-lunga-1.jpg\" alt=\"Cala Lunga\" class=\"wp-image-4671\" srcset=\"https:\/\/yepcampers.com\/wp-content\/uploads\/2019\/01\/cala-lunga-1.jpg 960w, https:\/\/yepcampers.com\/wp-content\/uploads\/2019\/01\/cala-lunga-1-400x225.jpg 400w, https:\/\/yepcampers.com\/wp-content\/uploads\/2019\/01\/cala-lunga-1-768x432.jpg 768w, https:\/\/yepcampers.com\/wp-content\/uploads\/2019\/01\/cala-lunga-1-500x281.jpg 500w\" sizes=\"(max-width: 960px) 100vw, 960px\" \/><figcaption>La meravigliosa Cala Lunga a Sant&#8217;Antioco<\/figcaption><\/figure>\n\n\n\n<p>Dirigendoci verso sud arriveremo a Capo Sperone per poi trovare, seguendo la strada che costeggia la costa orientale di Sant&#8217;Antioco, il paesino di Maladroxia con la sua bellissima, poco affollata ed incontaminata spiaggia.<\/p>\n\n\n\n<figure class=\"wp-block-image\"><img loading=\"lazy\" decoding=\"async\" width=\"960\" height=\"641\" src=\"https:\/\/yepcampers.com\/wp-content\/uploads\/2019\/01\/spiaggia-maladroxia-santantioco.jpg\" alt=\"Maladroxia\" class=\"wp-image-4675\" srcset=\"https:\/\/yepcampers.com\/wp-content\/uploads\/2019\/01\/spiaggia-maladroxia-santantioco.jpg 960w, https:\/\/yepcampers.com\/wp-content\/uploads\/2019\/01\/spiaggia-maladroxia-santantioco-400x267.jpg 400w, https:\/\/yepcampers.com\/wp-content\/uploads\/2019\/01\/spiaggia-maladroxia-santantioco-768x513.jpg 768w, https:\/\/yepcampers.com\/wp-content\/uploads\/2019\/01\/spiaggia-maladroxia-santantioco-500x334.jpg 500w\" sizes=\"(max-width: 960px) 100vw, 960px\" \/><figcaption>L&#8217;incontaminata e deserta spiaggia di Maldroxia, perla dell&#8217;isola di Sant&#8217;Antioco<\/figcaption><\/figure>\n\n\n\n<p>Al quarto e quinto giorno non \u00e8 possibile resistere al desiderio di visitare un\u2019enclave ligure in terra sarda, la conosciutissima Isola di San Pietro e la sua localit\u00e0 pi\u00f9 importante, Carloforte.<\/p>\n\n\n\n<p>Per raggiungerla \u00e8 necessario recarsi nella bella Calasetta, estrema punta a nord dell\u2019isola di Sant\u2019Antioco, ricca di belle spiagge, ed imbarcarsi con un frequente traghetto verso Carloforte. <\/p>\n\n\n\n<h2 class=\"wp-block-heading\" id=\"4-lisola-di-carloforte\">L&#8217;isola di Carloforte<\/h2>\n\n\n\n<p>Esplorare l&#8217;isola di Carloforte sar\u00e0 un&#8217;esperienza indimenticabile: per godere al massimo questa fantastica &#8220;isola nell&#8217;isola&#8221; e visitare tutti i suoi punti di attrazione, consigliamo una sosta di almeno due notti.<\/p>\n\n\n\n<p>L&#8217;esplorazione di Carloforte prevede la visita a nord dell\u2019isola delle tonnare, in prossimit\u00e0 de La Punta, con vista della piccola Isola Piana. Il vicino Capo Sandalo, ad ovest, dispone di un panoramico piazzale sulla costa sottostante. L\u2019isola \u00e8 prevalentemente scogliosa ma l\u2019unica spiaggia, quella di La Caletta, \u00e8 certamente attraente, cos\u00ec come le insenature di Cala Vinagra e Cala Fico.<\/p>\n\n\n\n<figure class=\"wp-block-image\"><img loading=\"lazy\" decoding=\"async\" width=\"960\" height=\"640\" src=\"https:\/\/yepcampers.com\/wp-content\/uploads\/2019\/01\/spiaggia-carloforte.jpg\" alt=\"10 giorni in Sardegna\" class=\"wp-image-4690\" srcset=\"https:\/\/yepcampers.com\/wp-content\/uploads\/2019\/01\/spiaggia-carloforte.jpg 960w, https:\/\/yepcampers.com\/wp-content\/uploads\/2019\/01\/spiaggia-carloforte-400x267.jpg 400w, https:\/\/yepcampers.com\/wp-content\/uploads\/2019\/01\/spiaggia-carloforte-768x512.jpg 768w, https:\/\/yepcampers.com\/wp-content\/uploads\/2019\/01\/spiaggia-carloforte-500x333.jpg 500w\" sizes=\"(max-width: 960px) 100vw, 960px\" \/><figcaption>Una meravigliosa e deserta spiagga di Carloforte<\/figcaption><\/figure>\n\n\n\n<p>La stessa Carloforte, di origine tabarchina, influenza il dialetto, i costumi, le occupazioni, l\u2019architettura e l\u2019urbanistica stessa della cittadina. E&#8217; piacevole visitare il lungomare, con le belle facciate dei palazzi ottocenteschi ombreggiati da alte palme ed oleandri e la piazzetta Repubblica dalle grandi magnolie e panchine che offrono riposo a locali e turisti. Tra le specialit\u00e0 culinarie, non perdetevi il tonno qui cucinato in tanti modi. Nei dintorni potremo recarci alla Guardia dei Mori, un\u2019altura da cui si abbraccia con lo sguardo tutta l\u2019isola e sullo sfondo la costa sarda.<\/p>\n\n\n\n<h2 class=\"wp-block-heading\" id=\"5-verso-masua-il-pan-di-zucchero\">Verso Masua il Pan di Zucchero<\/h2>\n\n\n\n<p>Il sesto giorno, rientrati in \u201cterra sarda\u201d attraverso il traghetto che stavolta porta a Portoscuso, andiamo verso nord in direzione Iglesias per prendere il bivio verso la S.S. 126 in direzione di Nebida. Dalla strada, le viste sulla spiaggia di Funtanamare,&nbsp;Masua e dello scoglio denominato \u201cPan di Zucchero\u201d saranno indimenticabili, fino ad arrivare all\u2019incantevole Cala Domestica.  Il Pan di zucchero di Masua \u00e8 un vero e proprio paradiso dell&#8217;<a href=\"https:\/\/yepcampers.com\/it\/blog\/esplora-sardegna\/arrampicata-sardegna-maurizio-oviglia\/\">arrampicata in Sardegna<\/a>.<\/p>\n\n\n\n<figure class=\"wp-block-image\"><img loading=\"lazy\" decoding=\"async\" width=\"960\" height=\"640\" src=\"https:\/\/yepcampers.com\/wp-content\/uploads\/2019\/01\/masua-paradiso-climber.jpeg\" alt=\"Costa sud occidentale Sardegna\" class=\"wp-image-4696\" srcset=\"https:\/\/yepcampers.com\/wp-content\/uploads\/2019\/01\/masua-paradiso-climber.jpeg 960w, https:\/\/yepcampers.com\/wp-content\/uploads\/2019\/01\/masua-paradiso-climber-400x267.jpeg 400w, https:\/\/yepcampers.com\/wp-content\/uploads\/2019\/01\/masua-paradiso-climber-768x512.jpeg 768w, https:\/\/yepcampers.com\/wp-content\/uploads\/2019\/01\/masua-paradiso-climber-500x333.jpeg 500w\" sizes=\"(max-width: 960px) 100vw, 960px\" \/><figcaption>Masua con il suo meraviglioso Pan di Zucchero, paradiso dei climber<\/figcaption><\/figure>\n\n\n\n<p>Una passeggiata sul costone a sinistra sino a raggiungere la torre spagnola sul promontorio permetter\u00e0 incantevoli vista su questa baia. Si raggiunger\u00e0 poi Buggerru, vecchio centro di minatori dove potersi fermare per la notte del sesto giorno dell nostro itinerario in camper in Sardegna.<\/p>\n\n\n\n<h2 class=\"wp-block-heading\" id=\"6-le-spiagge-nella-costa-verde-della-sardegna\">Le spiagge nella Costa Verde della Sardegna<\/h2>\n\n\n\n<p>All\u2019inizio del settimo giorno ci troviamo nella parte meridionale della Costa Verde, dotata anch\u2019essa di meravigliose spiagge. Spostandoci da Buggerru verso nord eccoci alla grande spiaggia di Portixeddu, da cui una strada secondaria porta al selvaggio promontorio di Capo Pecora.<\/p>\n\n\n\n<p>Da qui in poi non vi sono strade percorribili verso nord. Pertanto, sar\u00e0 necessario addentrasi all\u2019interno, percorrendo la tortuosa S.S.126 verso Arbus, la successiva provinciale 66 verso Ingurtosu per poi riscendere verso il mare in localit\u00e0 Piscinas. A dispetto dell\u2019impegnativo percorso per raggiungerla, Piscinas sar\u00e0 una localit\u00e0 che si ricorder\u00e0 a lungo. La trasparenza del mare e le onnipresenti dune di sabbia color oro renderanno preziosa questa localit\u00e0.<\/p>\n\n\n\n<figure class=\"wp-block-image\"><img loading=\"lazy\" decoding=\"async\" width=\"960\" height=\"650\" src=\"https:\/\/yepcampers.com\/wp-content\/uploads\/2019\/01\/emma-dune-piscinas.jpg\" alt=\"10 giorni in Sardegna\" class=\"wp-image-4702\" srcset=\"https:\/\/yepcampers.com\/wp-content\/uploads\/2019\/01\/emma-dune-piscinas.jpg 960w, https:\/\/yepcampers.com\/wp-content\/uploads\/2019\/01\/emma-dune-piscinas-400x271.jpg 400w, https:\/\/yepcampers.com\/wp-content\/uploads\/2019\/01\/emma-dune-piscinas-768x520.jpg 768w, https:\/\/yepcampers.com\/wp-content\/uploads\/2019\/01\/emma-dune-piscinas-500x339.jpg 500w\" sizes=\"(max-width: 960px) 100vw, 960px\" \/><figcaption>La meravigliosa e selvaggia Piscinas con le sue alte dune di sabbia bianca<\/figcaption><\/figure>\n\n\n\n<p>Il giorno successivo continueremo a percorrere la costa verde verso nord, soffermandoci nelle poche ma belle localit\u00e0 che ne fanno parte come Portu Maga, Gutturu e Flumini, Funtanazza e, soprattutto, Torre dei Corsari, ornata di dune sabbiose. Ci fermeremo per la notte in prossimit\u00e0 della spiaggia di Pistis,  un\u2019immensa distesa di 1 km e mezzo di colline di sabbia dorata e finissima, modellate da uno scultore d\u2019eccezione, il maestrale.<br><\/p>\n\n\n\n<figure class=\"wp-block-image\"><img loading=\"lazy\" decoding=\"async\" width=\"960\" height=\"518\" src=\"https:\/\/yepcampers.com\/wp-content\/uploads\/2019\/01\/tramonto-portu-maga.jpeg\" alt=\"Portu Maga\" class=\"wp-image-4729\" srcset=\"https:\/\/yepcampers.com\/wp-content\/uploads\/2019\/01\/tramonto-portu-maga.jpeg 960w, https:\/\/yepcampers.com\/wp-content\/uploads\/2019\/01\/tramonto-portu-maga-400x216.jpeg 400w, https:\/\/yepcampers.com\/wp-content\/uploads\/2019\/01\/tramonto-portu-maga-768x414.jpeg 768w, https:\/\/yepcampers.com\/wp-content\/uploads\/2019\/01\/tramonto-portu-maga-500x270.jpeg 500w\" sizes=\"(max-width: 960px) 100vw, 960px\" \/><figcaption>Tramonto a Portu Maga, uno dei posti pi\u00f9 incontaminati e selvaggi della Sardegna<\/figcaption><\/figure>\n\n\n\n<p>Il nono giorno \u00e8 quello del rientro a Cagliari attraverso Sant\u2019Antonio di Santadi, Pabillonis e S. Gavino per poi inserirsi nella veloce S.S. 131 a 4 corsie. <\/p>\n\n\n\n<h2 class=\"wp-block-heading\" id=\"7-ritorno-a-cagliari-nellultimo-dei-10-giorni-in-sardegna\">Ritorno a Cagliari nell&#8217;ultimo dei 10 giorni in Sardegna<\/h2>\n\n\n\n<p>Cagliari \u00e8 il capoluogo regionale, citt\u00e0 turistica animata tutti i giorni dell&#8217;anno che sapr\u00e0 sorprendervi con il suo centro storico ed i suoi monumenti. Imperdibile la visita del quartiere della Marina e di Castello, dove potrete trascorre la serata in uno dei tipici locali e ristoranti del centro storico.<br><\/p>\n\n\n\n<figure class=\"wp-block-image\"><img loading=\"lazy\" decoding=\"async\" width=\"960\" height=\"640\" src=\"https:\/\/yepcampers.com\/wp-content\/uploads\/2019\/01\/cagliari-citt\u00e0-del-sole.jpg\" alt=\"Costa sud occidentale Sardegna\" class=\"wp-image-4402\" srcset=\"https:\/\/yepcampers.com\/wp-content\/uploads\/2019\/01\/cagliari-citt\u00e0-del-sole.jpg 960w, https:\/\/yepcampers.com\/wp-content\/uploads\/2019\/01\/cagliari-citt\u00e0-del-sole-400x267.jpg 400w, https:\/\/yepcampers.com\/wp-content\/uploads\/2019\/01\/cagliari-citt\u00e0-del-sole-768x512.jpg 768w, https:\/\/yepcampers.com\/wp-content\/uploads\/2019\/01\/cagliari-citt\u00e0-del-sole-500x333.jpg 500w\" sizes=\"(max-width: 960px) 100vw, 960px\" \/><figcaption>Cagliari, la citt\u00e0 del sole affacciata sul mare<\/figcaption><\/figure>\n\n\n\n<p>Il decimo ed ultimo giorno potrete dedicarvi all&#8217;esplorazione delle spiagge che circondano la citt\u00e0 di Cagliari. Un&#8217;ottima ed originale idea \u00e8 quella di noleggiare un Sup presso la spiaggia del Poetto per fare visita, meglio con una guida locale, ai faraglioni della Sella del Diavolo. Questa escursione, ancora poco conosciuta, vi far\u00e0 scoprire un vero e proprio paradiso cittadino! La scogliera a strapiombo sulle acque cristalline \u00e8 un tesoro nascosto da far invidia a ben pi\u00f9 famose ed affollate localit\u00e0 turistiche dell&#8217;isola!<\/p>\n\n\n\n<figure class=\"wp-block-image\"><img loading=\"lazy\" decoding=\"async\" width=\"960\" height=\"640\" src=\"https:\/\/yepcampers.com\/wp-content\/uploads\/2019\/01\/sella-del-diavolo.jpg\" alt=\"10 giorni in Sardegna\" class=\"wp-image-4718\" srcset=\"https:\/\/yepcampers.com\/wp-content\/uploads\/2019\/01\/sella-del-diavolo.jpg 960w, https:\/\/yepcampers.com\/wp-content\/uploads\/2019\/01\/sella-del-diavolo-400x267.jpg 400w, https:\/\/yepcampers.com\/wp-content\/uploads\/2019\/01\/sella-del-diavolo-768x512.jpg 768w, https:\/\/yepcampers.com\/wp-content\/uploads\/2019\/01\/sella-del-diavolo-500x333.jpg 500w\" sizes=\"(max-width: 960px) 100vw, 960px\" \/><figcaption>Escursione in sup ai faraglioni della Sella del Diavolo, il paradiso a pochi metri dal centro di Cagliari<\/figcaption><\/figure>\n\n\n\n<p>In questo paradiso nascosto della Citt\u00e0 di Cagliari termina il nostro <strong>itinerario di 10 giorni in camper nella Sardegna sud occidentale<\/strong>, proprio a pochi chilometri dall&#8217;aeroporto cittadino!<\/p>\n\n\n\n<h2 class=\"wp-block-heading\" id=\"8-10-giorni-in-sardegna-con-il-camper\">10 giorni in Sardegna con il camper<\/h2>\n\n\n\n<p class=\"has-text-align-left\">Un modo eccellente per vivere 10 giorni in Sardegna del tutto indimenticabili \u00e8 noleggiare un camper nell&#8217;isola.<\/p>\n\n\n\n<p>Sapevi che con <a href=\"\/it\/\">Yep Campers<\/a> \u00e8 possibile la consegna e restituzione del camper nella citt\u00e0 di Cagliari? Potrai iniziare e terminare iltuo viaggio a pochi passi dall&#8217;aeroporto, o all&#8217;aeroporto stesso, dedicando le giornate di arrivo e partenza all&#8217;esplorazione dei paradisi del capoluogo della Sardegna!<br><\/p>\n","protected":false},"excerpt":{"rendered":"<p>Uno stupendo itinerario di 10 giorni in Sardegna ci porter\u00e0 alla scoperta della sua costa sud occidentale tra localit\u00e0 sul mare e selvagge e meno note zone dell\u2019entroterra. 10 giorni in Sardegna con partenza da Cagliari L&#8217;itinerario parte da Cagliari, affascinante e ridente capoluogo dell\u2019isola, per proseguire verso il Sulcis e la costa occidentale.&nbsp; La [&hellip;]<\/p>\n","protected":false},"author":4,"featured_media":4723,"comment_status":"closed","ping_status":"closed","sticky":false,"template":"","format":"standard","meta":{"site-sidebar-layout":"right-sidebar","site-content-layout":"plain-container","ast-site-content-layout":"default","site-content-style":"default","site-sidebar-style":"default","ast-global-header-display":"","ast-banner-title-visibility":"","ast-main-header-display":"","ast-hfb-above-header-display":"","ast-hfb-below-header-display":"","ast-hfb-mobile-header-display":"","site-post-title":"","ast-breadcrumbs-content":"","ast-featured-img":"","footer-sml-layout":"","ast-disable-related-posts":"","theme-transparent-header-meta":"default","adv-header-id-meta":"","stick-header-meta":"default","header-above-stick-meta":"","header-main-stick-meta":"","header-below-stick-meta":"","astra-migrate-meta-layouts":"default","ast-page-background-enabled":"default","ast-page-background-meta":{"desktop":{"background-color":"","background-image":"","background-repeat":"repeat","background-position":"center center","background-size":"auto","background-attachment":"scroll","background-type":"","background-media":"","overlay-type":"","overlay-color":"","overlay-opacity":"","overlay-gradient":""},"tablet":{"background-color":"","background-image":"","background-repeat":"repeat","background-position":"center center","background-size":"auto","background-attachment":"scroll","background-type":"","background-media":"","overlay-type":"","overlay-color":"","overlay-opacity":"","overlay-gradient":""},"mobile":{"background-color":"","background-image":"","background-repeat":"repeat","background-position":"center center","background-size":"auto","background-attachment":"scroll","background-type":"","background-media":"","overlay-type":"","overlay-color":"","overlay-opacity":"","overlay-gradient":""}},"ast-content-background-meta":{"desktop":{"background-color":"var(--ast-global-color-5)","background-image":"","background-repeat":"repeat","background-position":"center center","background-size":"auto","background-attachment":"scroll","background-type":"","background-media":"","overlay-type":"","overlay-color":"","overlay-opacity":"","overlay-gradient":""},"tablet":{"background-color":"var(--ast-global-color-5)","background-image":"","background-repeat":"repeat","background-position":"center center","background-size":"auto","background-attachment":"scroll","background-type":"","background-media":"","overlay-type":"","overlay-color":"","overlay-opacity":"","overlay-gradient":""},"mobile":{"background-color":"var(--ast-global-color-5)","background-image":"","background-repeat":"repeat","background-position":"center center","background-size":"auto","background-attachment":"scroll","background-type":"","background-media":"","overlay-type":"","overlay-color":"","overlay-opacity":"","overlay-gradient":""}},"footnotes":""},"categories":[40],"tags":[],"class_list":["post-4391","post","type-post","status-publish","format-standard","has-post-thumbnail","hentry","category-itinerari-sardegna"],"_links":{"self":[{"href":"https:\/\/yepcampers.com\/it\/wp-json\/wp\/v2\/posts\/4391","targetHints":{"allow":["GET"]}}],"collection":[{"href":"https:\/\/yepcampers.com\/it\/wp-json\/wp\/v2\/posts"}],"about":[{"href":"https:\/\/yepcampers.com\/it\/wp-json\/wp\/v2\/types\/post"}],"author":[{"embeddable":true,"href":"https:\/\/yepcampers.com\/it\/wp-json\/wp\/v2\/users\/4"}],"replies":[{"embeddable":true,"href":"https:\/\/yepcampers.com\/it\/wp-json\/wp\/v2\/comments?post=4391"}],"version-history":[{"count":0,"href":"https:\/\/yepcampers.com\/it\/wp-json\/wp\/v2\/posts\/4391\/revisions"}],"wp:featuredmedia":[{"embeddable":true,"href":"https:\/\/yepcampers.com\/it\/wp-json\/wp\/v2\/media\/4723"}],"wp:attachment":[{"href":"https:\/\/yepcampers.com\/it\/wp-json\/wp\/v2\/media?parent=4391"}],"wp:term":[{"taxonomy":"category","embeddable":true,"href":"https:\/\/yepcampers.com\/it\/wp-json\/wp\/v2\/categories?post=4391"},{"taxonomy":"post_tag","embeddable":true,"href":"https:\/\/yepcampers.com\/it\/wp-json\/wp\/v2\/tags?post=4391"}],"curies":[{"name":"wp","href":"https:\/\/api.w.org\/{rel}","templated":true}]}}