{"id":9847,"date":"2019-09-30T07:18:47","date_gmt":"2019-09-30T07:18:47","guid":{"rendered":"https:\/\/yepcampers.com\/blog\/explorez-sardaigne\/cote-sud-de-la-sardaigne-commencant-et-se-terminant-a-cagliari\/"},"modified":"2019-09-30T07:44:10","modified_gmt":"2019-09-30T07:44:10","slug":"cote-sud-sardaigne","status":"publish","type":"post","link":"https:\/\/yepcampers.com\/fr\/blog\/itineraires-sardaigne\/cote-sud-sardaigne\/","title":{"rendered":"C\u00f4te sud de la Sardaigne commen\u00e7ant et se terminant \u00e0 Cagliari"},"content":{"rendered":"\n<p style=\"text-align:center\"><strong>Nous explorerons la c\u00f4te sud de la Sardaigne sur un merveilleux itin\u00e9raire de 5 jours pour d\u00e9couvrir les plages et les criques les plus cach\u00e9es !<\/strong><\/p>\n\n\n\n<h2 class=\"wp-block-heading\">C\u00f4te sud de la Sardaigne au d\u00e9part de Cagliari<\/h2>\n\n\n\n<p>L&rsquo;itin\u00e9raire partira de <strong>Cagliari<\/strong>, la belle capitale de la Sardaigne, pour nous permettre de visiter les plages les plus c\u00e9l\u00e8bres et de nombreuses criques qui sont encore peu fr\u00e9quent\u00e9es.<\/p>\n\n\n\n<p>Le premier jour, nous nous dirigerons vers la c\u00f4te est et la c\u00e9l\u00e8bre ville touristique de <strong>Villasimius<\/strong>, en longeant le littoral pittoresque de la belle c\u00f4te sud de la Sardaigne.<\/p>\n\n\n\n<p>Pour profiter au mieux de cet itin\u00e9raire, nous vous conseillons de ne pas prendre la SS 125 mais de suivre l&rsquo;ancienne route c\u00f4ti\u00e8re, une route panoramique avec une vue imprenable.<\/p>\n\n\n\n<h2 class=\"wp-block-heading\">Plage de Poetto<\/h2>\n\n\n\n<p>Pour atteindre <strong>Villasimius<\/strong>, nous passerons par la <strong>plage de Poetto<\/strong>, la longue et c\u00e9l\u00e8bre plage de Cagliari, orn\u00e9e de hautes dunes jusqu&rsquo;il y a quelques d\u00e9cennies. La plage de Poetto est facilement accessible depuis le centre de Cagliari.<\/p>\n\n\n\n<figure class=\"wp-block-image\"><img fetchpriority=\"high\" decoding=\"async\" width=\"960\" height=\"659\" src=\"https:\/\/yepcampers.com\/wp-content\/uploads\/2019\/02\/cagliari-poetto-sella-diavolo.jpg\" alt=\"C\u00f4te sud de la Sardaigne\" class=\"wp-image-4859\" srcset=\"https:\/\/yepcampers.com\/wp-content\/uploads\/2019\/02\/cagliari-poetto-sella-diavolo.jpg 960w, https:\/\/yepcampers.com\/wp-content\/uploads\/2019\/02\/cagliari-poetto-sella-diavolo-400x275.jpg 400w, https:\/\/yepcampers.com\/wp-content\/uploads\/2019\/02\/cagliari-poetto-sella-diavolo-768x527.jpg 768w, https:\/\/yepcampers.com\/wp-content\/uploads\/2019\/02\/cagliari-poetto-sella-diavolo-500x343.jpg 500w\" sizes=\"(max-width: 960px) 100vw, 960px\" \/><figcaption>Plage de Poetto avec la caract\u00e9ristique Sella del Diavolo en arri\u00e8re-plan<\/figcaption><\/figure>\n\n\n\n<p>Le climat doux de cette partie de la Sardaigne permet aux heureux habitants de Cagliari de vivre \u00e0 Poetto toute l&rsquo;ann\u00e9e. La plage de Poetto est \u00e9quip\u00e9e de pistes cyclables et pi\u00e9tonnes. Tous les jours de l&rsquo;ann\u00e9e, de nombreux sportifs et familles viennent ici pour profiter de l&rsquo;air frais !<\/p>\n\n\n\n<h2 class=\"wp-block-heading\">La route de Villasimius et Costa Rei, un joyau de la c\u00f4te sud de la Sardaigne<\/h2>\n\n\n\n<p>Apr\u00e8s la longue plage de Poetto, il ne faut qu&rsquo;environ 20 km pour atteindre le magnifique et panoramique tron\u00e7on de la route c\u00f4ti\u00e8re vers Villasimius et Costa Rei. Nous vous recommandons de vous arr\u00eater dans l&rsquo;un des emplacements de la route pour admirer les criques et les criques cristallines de la c\u00f4te sud de la Sardaigne. Nous sommes s\u00fbrs que vous aimerez la mer cristalline de Cala Regina et la petite et belle crique de <strong>Mare Pintau<\/strong> !<\/p>\n\n\n\n<figure class=\"wp-block-image\"><img decoding=\"async\" width=\"960\" height=\"540\" src=\"https:\/\/yepcampers.com\/wp-content\/uploads\/2019\/02\/cala-regina.jpg\" alt=\"Cala Regina\" class=\"wp-image-4915\" srcset=\"https:\/\/yepcampers.com\/wp-content\/uploads\/2019\/02\/cala-regina.jpg 960w, https:\/\/yepcampers.com\/wp-content\/uploads\/2019\/02\/cala-regina-400x225.jpg 400w, https:\/\/yepcampers.com\/wp-content\/uploads\/2019\/02\/cala-regina-768x432.jpg 768w, https:\/\/yepcampers.com\/wp-content\/uploads\/2019\/02\/cala-regina-500x281.jpg 500w\" sizes=\"(max-width: 960px) 100vw, 960px\" \/><figcaption>Cala Regina, l&rsquo;une des nombreuses criques \u00e0 couper le souffle de la c\u00f4te jusqu&rsquo;\u00e0 Villasimius<\/figcaption><\/figure>\n\n\n\n<p>Sur cette partie de la c\u00f4te s\u00e9duisante, vous trouverez \u00e9galement des plages plus larges comme Solanas, Porto Sa Ruxi et Campus, jusqu&rsquo;\u00e0 ce que vous atteigniez <strong>les plages de Villasimius<\/strong>.<\/p>\n\n\n\n<h2 class=\"wp-block-heading\">Plages de Villasimius<\/h2>\n\n\n\n<p>Les plages de Villasimius, comme Notteri, Simius et Porto Giunco, sont devenues de plus en plus populaires aupr\u00e8s des r\u00e9sidents et des visiteurs. Parmi les diff\u00e9rentes plages de Villasimius, nous vous recommandons certainement une visite au magnifique <strong>Porto Giunco<\/strong>, un paradis cristallin sur terre avec un magnifique lagon derri\u00e8re lui.<\/p>\n\n\n\n<figure class=\"wp-block-image\"><img decoding=\"async\" width=\"960\" height=\"480\" src=\"https:\/\/yepcampers.com\/wp-content\/uploads\/2019\/02\/villasimius-spiaggia-porto-giunco.jpg\" alt=\"C\u00f4te sud de la Sardaigne\" class=\"wp-image-4865\" srcset=\"https:\/\/yepcampers.com\/wp-content\/uploads\/2019\/02\/villasimius-spiaggia-porto-giunco.jpg 960w, https:\/\/yepcampers.com\/wp-content\/uploads\/2019\/02\/villasimius-spiaggia-porto-giunco-400x200.jpg 400w, https:\/\/yepcampers.com\/wp-content\/uploads\/2019\/02\/villasimius-spiaggia-porto-giunco-768x384.jpg 768w, https:\/\/yepcampers.com\/wp-content\/uploads\/2019\/02\/villasimius-spiaggia-porto-giunco-500x250.jpg 500w\" sizes=\"(max-width: 960px) 100vw, 960px\" \/><figcaption>La belle plage de Porto Giunco, paradis de la c\u00f4te sud<\/figcaption><\/figure>\n\n\n\n<p>Villasimius est tr\u00e8s anim\u00e9 en \u00e9t\u00e9, \u00e0 la fin du printemps et au d\u00e9but de l&rsquo;automne, vous pouvez donc y passer la premi\u00e8re nuit de cet itin\u00e9raire. Apr\u00e8s Capo Carbonara, la ramification extr\u00eame de Villasimius, la c\u00f4te continue vers le nord vers une autre destination baln\u00e9aire bien connue, <strong>Costa Rei<\/strong>.<\/p>\n\n\n\n<h2 class=\"wp-block-heading\">Plages de Costa Rei<\/h2>\n\n\n\n<p>Les plages de la <strong>Costa Rei<\/strong> sont r\u00e9put\u00e9es pour leur longueur, leur sable blanc et leurs eaux cristallines. L&rsquo;une des premi\u00e8res plages de la Costa Rei est la belle Cala Sinzias. <strong>Cala Sinzias<\/strong> dispose d&rsquo;un parking gratuit pour les camping-cars la majeure partie de l&rsquo;ann\u00e9e.<\/p>\n\n\n\n<figure class=\"wp-block-image\"><img loading=\"lazy\" decoding=\"async\" width=\"960\" height=\"680\" src=\"https:\/\/yepcampers.com\/wp-content\/uploads\/2019\/02\/cala-sinzias-sosta-camper.jpg\" alt=\"Cala Sinzias\" class=\"wp-image-4871\" srcset=\"https:\/\/yepcampers.com\/wp-content\/uploads\/2019\/02\/cala-sinzias-sosta-camper.jpg 960w, https:\/\/yepcampers.com\/wp-content\/uploads\/2019\/02\/cala-sinzias-sosta-camper-400x283.jpg 400w, https:\/\/yepcampers.com\/wp-content\/uploads\/2019\/02\/cala-sinzias-sosta-camper-768x544.jpg 768w, https:\/\/yepcampers.com\/wp-content\/uploads\/2019\/02\/cala-sinzias-sosta-camper-500x354.jpg 500w\" sizes=\"(max-width: 960px) 100vw, 960px\" \/><figcaption>Cala Sinzias avec un parking gratuit pour camping-cars avec vue sur la mer<\/figcaption><\/figure>\n\n\n\n<p>Apr\u00e8s la belle Cala Sinzias, la route provinciale 18 nous m\u00e8ne dans les grandes criques sauvages de Monte Nai et Piscina Rei. En plus de l&rsquo;authenticit\u00e9 des plages, qui sont pour la plupart gratuites, vous pouvez trouver des criques pittoresques et surtout une mer claire et intacte.<\/p>\n\n\n\n<figure class=\"wp-block-image\"><img loading=\"lazy\" decoding=\"async\" width=\"960\" height=\"680\" src=\"https:\/\/yepcampers.com\/wp-content\/uploads\/2019\/02\/spiagge-costa-rei.jpg\" alt=\"C\u00f4te sud de la Sardaigne\" class=\"wp-image-4877\" srcset=\"https:\/\/yepcampers.com\/wp-content\/uploads\/2019\/02\/spiagge-costa-rei.jpg 960w, https:\/\/yepcampers.com\/wp-content\/uploads\/2019\/02\/spiagge-costa-rei-400x283.jpg 400w, https:\/\/yepcampers.com\/wp-content\/uploads\/2019\/02\/spiagge-costa-rei-768x544.jpg 768w, https:\/\/yepcampers.com\/wp-content\/uploads\/2019\/02\/spiagge-costa-rei-500x354.jpg 500w\" sizes=\"(max-width: 960px) 100vw, 960px\" \/><figcaption>Costa Rei plages, sable blanc et mer cristalline sur des kilom\u00e8tres de c\u00f4tes.<\/figcaption><\/figure>\n\n\n\n<p>En 2009, Costa Rei a remport\u00e9 le <strong>\u00ab\u00a0Travel blogger award\u00a0\u00bb<\/strong> du prestigieux guide de voyage \u00ab\u00a0Lonely Planet\u00a0\u00bb, qui le classe parmi les 10 plus belles plages du monde. Le m\u00eame jour, nous pouvons atteindre des criques moins connues mais non moins fascinantes pr\u00e8s de l&rsquo;\u00e9tang de Colostrai sur le territoire de Muravera, o\u00f9 nous pouvons passer la nuit.<\/p>\n\n\n\n<h2 class=\"wp-block-heading\">Site arch\u00e9ologique de la c\u00f4te sud de la Sardaigne de Nora<\/h2>\n\n\n\n<p><strong>Nora et les plages de Chia<\/strong> seront notre troisi\u00e8me destination du troisi\u00e8me jour de notre itin\u00e9raire de la c\u00f4te sud de la Sardaigne. Nous quitterons le c\u00f4t\u00e9 est de la c\u00f4te sud de la Sardaigne pour nous diriger vers l&rsquo;ouest, en direction de la capitale. Nous pouvons le faire de deux fa\u00e7ons. Par le m\u00eame bel itin\u00e9raire que celui que vous avez emprunt\u00e9 pour venir ici, peut-\u00eatre en visitant d&rsquo;autres plages ou criques, ou en suivant la nouvelle autoroute rapide 125. Dans les deux cas, une fois pass\u00e9 la ville de Cagliari, nous prendrons la SS 195 en direction de Pula.<\/p>\n\n\n\n<h3 class=\"wp-block-heading\">Le site arch\u00e9ologique de Nora<\/h3>\n\n\n\n<p>Le <strong>site arch\u00e9ologique de Nora<\/strong> est situ\u00e9 \u00e0 quelques kilom\u00e8tres du centre de Pula, sur un promontoire riche en histoire et en charme. Nora, une ancienne ville construite \u00e0 proximit\u00e9 des \u00e9tablissements nuragiques pr\u00e9existants, a \u00e9t\u00e9 fond\u00e9e par les Ph\u00e9niciens.<\/p>\n\n\n\n<figure class=\"wp-block-image\"><img loading=\"lazy\" decoding=\"async\" width=\"960\" height=\"640\" src=\"https:\/\/yepcampers.com\/wp-content\/uploads\/2019\/02\/nora-sito-archeologico.jpg\" alt=\"Site arch\u00e9ologique de Nora\" class=\"wp-image-4887\" srcset=\"https:\/\/yepcampers.com\/wp-content\/uploads\/2019\/02\/nora-sito-archeologico.jpg 960w, https:\/\/yepcampers.com\/wp-content\/uploads\/2019\/02\/nora-sito-archeologico-400x267.jpg 400w, https:\/\/yepcampers.com\/wp-content\/uploads\/2019\/02\/nora-sito-archeologico-768x512.jpg 768w, https:\/\/yepcampers.com\/wp-content\/uploads\/2019\/02\/nora-sito-archeologico-500x333.jpg 500w\" sizes=\"(max-width: 960px) 100vw, 960px\" \/><figcaption>Le site arch\u00e9ologique de Nora nich\u00e9 dans sa baie enchant\u00e9e<\/figcaption><\/figure>\n\n\n\n<p>Par la suite punique et romaine, <strong>Nora<\/strong> conserve des traces de cette \u00e9poque. Ses ruines t\u00e9moignent du d\u00e9veloppement de la ville aux deuxi\u00e8me et troisi\u00e8me si\u00e8cles. De la ville romaine, les vestiges de nombreux b\u00e2timents tels que le forum, le th\u00e9\u00e2tre, l&rsquo;amphith\u00e9\u00e2tre, les bains et les habitations sont conserv\u00e9s. Le mat\u00e9riel arch\u00e9ologique t\u00e9moigne de la continuit\u00e9 et de la prosp\u00e9rit\u00e9 des \u00e9changes commerciaux avec les r\u00e9gions dominant la mer M\u00e9diterran\u00e9e.<\/p>\n\n\n\n<p>Apr\u00e8s Nora, notre voyage de 5 jours comprend une visite de l&rsquo;ancienne colonie de Bithia, aujourd&rsquo;hui connue sous le nom de <strong>Chia<\/strong>. Cette localit\u00e9 poss\u00e8de un littoral sablonneux \u00e9tendu et magnifique, avec de nombreuses dunes intactes, prot\u00e9g\u00e9es du vent par l&rsquo;\u00e9paisse v\u00e9g\u00e9tation m\u00e9diterran\u00e9enne. Une fois \u00e0 Chia, nous vous recommandons d&rsquo;escalader la tour homonyme, d&rsquo;o\u00f9 vous pourrez admirer de nombreux kilom\u00e8tres de cette c\u00f4te. Nous vous recommandons de vous arr\u00eater ici pour la nuit. Le lendemain, le long de la route c\u00f4ti\u00e8re en direction de Capo Spartivento, vous trouverez des plages et des criques d&rsquo;une grande beaut\u00e9.<\/p>\n\n\n\n<h3 class=\"wp-block-heading\">Plage de Su Giudeu<\/h3>\n\n\n\n<p>La plage de <strong>Su Giudeu<\/strong>, \u00e9galement connue comme la plage de S&rsquo;Abba Durci (plage d&rsquo;eau douce), est une longue \u00e9tendue de sable qui, avec Porto Campana, forme l&rsquo;impressionnante formation dunaire de Spartivento, l&rsquo;une des plus grandes de la Sardaigne du sud.<\/p>\n\n\n\n<figure class=\"wp-block-image\"><img loading=\"lazy\" decoding=\"async\" width=\"960\" height=\"640\" src=\"https:\/\/yepcampers.com\/wp-content\/uploads\/2019\/02\/chia-su-giudeu.jpg\" alt=\"Su Giudeu\" class=\"wp-image-4893\" srcset=\"https:\/\/yepcampers.com\/wp-content\/uploads\/2019\/02\/chia-su-giudeu.jpg 960w, https:\/\/yepcampers.com\/wp-content\/uploads\/2019\/02\/chia-su-giudeu-400x267.jpg 400w, https:\/\/yepcampers.com\/wp-content\/uploads\/2019\/02\/chia-su-giudeu-768x512.jpg 768w, https:\/\/yepcampers.com\/wp-content\/uploads\/2019\/02\/chia-su-giudeu-500x333.jpg 500w\" sizes=\"(max-width: 960px) 100vw, 960px\" \/><figcaption>La plage de Su Giudeu, avec son \u00eelot caract\u00e9ristique, accessible \u00e0 pied \u00e0 mar\u00e9e basse<\/figcaption><\/figure>\n\n\n\n<p><strong>Su Giudeu<\/strong> est si fascinante qu&rsquo;elle a \u00e9t\u00e9 un lieu de tournage de films et de publicit\u00e9s t\u00e9l\u00e9vis\u00e9es \u00e0 plusieurs reprises.<\/p>\n\n\n\n<h3 class=\"wp-block-heading\">Plage Tuerredda<\/h3>\n\n\n\n<p>Apr\u00e8s le Capo Spartivento, une autre merveille nous attend. La plage de <strong>Tuerredda<\/strong>, qui entre dans la belle mer en face de Capo Malfatano est montr\u00e9 dans de nombreuses images publicitaires de la Sardaigne. Nous vous sugg\u00e9rons de vous arr\u00eater ici ou dans les magnifiques environs de Piscinni, Campionna ou Budelli, o\u00f9 cette belle partie de la c\u00f4te se termine \u00e0 la limite de la zone militaire de Capo Teudada.<\/p>\n\n\n\n<figure class=\"wp-block-image\"><img loading=\"lazy\" decoding=\"async\" width=\"960\" height=\"720\" src=\"https:\/\/yepcampers.com\/wp-content\/uploads\/2019\/02\/spiaggia-tuerredda-camper.jpg\" alt=\"C\u00f4te sud de la Sardaigne\" class=\"wp-image-4909\" srcset=\"https:\/\/yepcampers.com\/wp-content\/uploads\/2019\/02\/spiaggia-tuerredda-camper.jpg 960w, https:\/\/yepcampers.com\/wp-content\/uploads\/2019\/02\/spiaggia-tuerredda-camper-400x300.jpg 400w, https:\/\/yepcampers.com\/wp-content\/uploads\/2019\/02\/spiaggia-tuerredda-camper-768x576.jpg 768w, https:\/\/yepcampers.com\/wp-content\/uploads\/2019\/02\/spiaggia-tuerredda-camper-500x375.jpg 500w\" sizes=\"(max-width: 960px) 100vw, 960px\" \/><figcaption>Vue du camping-car de la plage de Tuerredda avec son \u00eelot caract\u00e9ristique<\/figcaption><\/figure>\n\n\n\n<h2 class=\"wp-block-heading\">Vers Cagliari, la capitale et principale ville de la c\u00f4te sud de la Sardaigne<\/h2>\n\n\n\n<p>Le 5\u00e8me jour de cet itin\u00e9raire, vous pouvez retourner \u00e0 <a href=\"https:\/\/www.sardegnaturismo.it\/fr\/lieux\/sud\/cagliari\" target=\"_blank\" rel=\"noopener\">Cagliari<\/a> en voyageant de Teulada \u00e0 Domusdemaria. Dans la quinzaine de kilom\u00e8tres courbes qui s\u00e9parent ces lieux, vous passerez des collines escarp\u00e9es \u00e0 proximit\u00e9 de diff\u00e9rents Nuraghi, pour rejoindre ensuite la SS 195 qui m\u00e8ne \u00e0 Cagliari. Selon le temps disponible, une fois que vous arrivez dans la ville, vous pouvez visiter divers points d&rsquo;int\u00e9r\u00eat \u00e0 Cagliari. Il est toujours recommand\u00e9 de visiter <strong>Marina ou Castello<\/strong>. De Porta Cristina, il est possible de regarder vers le sud-ouest, vers la partie de la c\u00f4te que nous venons de quitter.<\/p>\n\n\n\n<h2 class=\"wp-block-heading\">C\u00f4te sud de la Sardaigne en camping-car<\/h2>\n\n\n\n<p style=\"text-align:left\">Cagliari est connue comme la ville du soleil et est l&rsquo;endroit id\u00e9al pour un court itin\u00e9raire \u00e0 la d\u00e9couverte de la c\u00f4te sud de la Sardaigne ! Visitez Cagliari et la c\u00f4te sud avec Yep Campers, <a href=\"\/fr\/reservation\/\">demandez la prise en charge et le retour du camping-car dans la ville ou \u00e0 l&rsquo;a\u00e9roport de Cagliari lors de la r\u00e9servation<\/a> !<br><\/p>\n","protected":false},"excerpt":{"rendered":"<p>Nous explorerons la c\u00f4te sud de la Sardaigne sur un merveilleux itin\u00e9raire de 5 jours pour d\u00e9couvrir les plages et les criques les plus cach\u00e9es ! C\u00f4te sud de la Sardaigne au d\u00e9part de Cagliari L&rsquo;itin\u00e9raire partira de Cagliari, la belle capitale de la Sardaigne, pour nous permettre de visiter les plages les plus c\u00e9l\u00e8bres [&hellip;]<\/p>\n","protected":false},"author":4,"featured_media":9849,"comment_status":"closed","ping_status":"closed","sticky":false,"template":"","format":"standard","meta":{"site-sidebar-layout":"right-sidebar","site-content-layout":"plain-container","ast-site-content-layout":"default","site-content-style":"default","site-sidebar-style":"default","ast-global-header-display":"","ast-banner-title-visibility":"","ast-main-header-display":"","ast-hfb-above-header-display":"","ast-hfb-below-header-display":"","ast-hfb-mobile-header-display":"","site-post-title":"","ast-breadcrumbs-content":"","ast-featured-img":"","footer-sml-layout":"","ast-disable-related-posts":"","theme-transparent-header-meta":"default","adv-header-id-meta":"","stick-header-meta":"default","header-above-stick-meta":"","header-main-stick-meta":"","header-below-stick-meta":"","astra-migrate-meta-layouts":"default","ast-page-background-enabled":"default","ast-page-background-meta":{"desktop":{"background-color":"","background-image":"","background-repeat":"repeat","background-position":"center center","background-size":"auto","background-attachment":"scroll","background-type":"","background-media":"","overlay-type":"","overlay-color":"","overlay-opacity":"","overlay-gradient":""},"tablet":{"background-color":"","background-image":"","background-repeat":"repeat","background-position":"center center","background-size":"auto","background-attachment":"scroll","background-type":"","background-media":"","overlay-type":"","overlay-color":"","overlay-opacity":"","overlay-gradient":""},"mobile":{"background-color":"","background-image":"","background-repeat":"repeat","background-position":"center center","background-size":"auto","background-attachment":"scroll","background-type":"","background-media":"","overlay-type":"","overlay-color":"","overlay-opacity":"","overlay-gradient":""}},"ast-content-background-meta":{"desktop":{"background-color":"var(--ast-global-color-5)","background-image":"","background-repeat":"repeat","background-position":"center center","background-size":"auto","background-attachment":"scroll","background-type":"","background-media":"","overlay-type":"","overlay-color":"","overlay-opacity":"","overlay-gradient":""},"tablet":{"background-color":"var(--ast-global-color-5)","background-image":"","background-repeat":"repeat","background-position":"center center","background-size":"auto","background-attachment":"scroll","background-type":"","background-media":"","overlay-type":"","overlay-color":"","overlay-opacity":"","overlay-gradient":""},"mobile":{"background-color":"var(--ast-global-color-5)","background-image":"","background-repeat":"repeat","background-position":"center center","background-size":"auto","background-attachment":"scroll","background-type":"","background-media":"","overlay-type":"","overlay-color":"","overlay-opacity":"","overlay-gradient":""}},"footnotes":""},"categories":[67],"tags":[],"class_list":["post-9847","post","type-post","status-publish","format-standard","has-post-thumbnail","hentry","category-itineraires-sardaigne"],"_links":{"self":[{"href":"https:\/\/yepcampers.com\/fr\/wp-json\/wp\/v2\/posts\/9847","targetHints":{"allow":["GET"]}}],"collection":[{"href":"https:\/\/yepcampers.com\/fr\/wp-json\/wp\/v2\/posts"}],"about":[{"href":"https:\/\/yepcampers.com\/fr\/wp-json\/wp\/v2\/types\/post"}],"author":[{"embeddable":true,"href":"https:\/\/yepcampers.com\/fr\/wp-json\/wp\/v2\/users\/4"}],"replies":[{"embeddable":true,"href":"https:\/\/yepcampers.com\/fr\/wp-json\/wp\/v2\/comments?post=9847"}],"version-history":[{"count":0,"href":"https:\/\/yepcampers.com\/fr\/wp-json\/wp\/v2\/posts\/9847\/revisions"}],"wp:featuredmedia":[{"embeddable":true,"href":"https:\/\/yepcampers.com\/fr\/wp-json\/wp\/v2\/media\/9849"}],"wp:attachment":[{"href":"https:\/\/yepcampers.com\/fr\/wp-json\/wp\/v2\/media?parent=9847"}],"wp:term":[{"taxonomy":"category","embeddable":true,"href":"https:\/\/yepcampers.com\/fr\/wp-json\/wp\/v2\/categories?post=9847"},{"taxonomy":"post_tag","embeddable":true,"href":"https:\/\/yepcampers.com\/fr\/wp-json\/wp\/v2\/tags?post=9847"}],"curies":[{"name":"wp","href":"https:\/\/api.w.org\/{rel}","templated":true}]}}