{"id":4586,"date":"2019-01-27T18:20:42","date_gmt":"2019-01-27T18:20:42","guid":{"rendered":"https:\/\/yepcampers.com\/blog\/cerdena-para-explorar\/ruta-de-5-dias-en-la-cerdena-salvaje-y-la-costa-centro-oriental\/"},"modified":"2019-03-09T11:11:17","modified_gmt":"2019-03-09T11:11:17","slug":"ruta-cerdena-salvaje","status":"publish","type":"post","link":"https:\/\/yepcampers.com\/es\/blog\/rutas-cerdena\/ruta-cerdena-salvaje\/","title":{"rendered":"5 d\u00edas en la Cerde\u00f1a salvaje y la costa centro-oriental"},"content":{"rendered":"\n<p><a href=\"https:\/\/yepcampers.com\/es\/\"><strong>Alquilar una autocaravana en Cerde\u00f1a<\/strong><\/a> para explorar la isla es una forma sencilla y econ\u00f3mica de visitar tantos lugares como sea posible y libremente, en un periodo de tiempo relativamente corto. A veces, sin embargo, puede resultar dif\u00edcil planificar <a href=\"https:\/\/yepcampers.com\/es\/tu-viaje\/\"><strong>el viaje en autocaravana en Cerde\u00f1a<\/strong><\/a> para saborear lo mejor que la isla puede ofrecer en solo 5 d\u00edas: si se encuentra en esta situaci\u00f3n, contin\u00fae leyendo este art\u00edculo , porque el itinerario que proponemos har\u00e1 que sus 5 d\u00edas sean memorables, llev\u00e1ndole a la isla que m\u00e1s amamos: una <strong>Cerde\u00f1a salvaje y virgen.<\/strong><\/p>\n\n\n\n<h2 class=\"wp-block-heading\">De la Marmilla a la Barbagia<\/h2>\n\n\n\n<p><strong>La ruta empieza desde Marmilla<\/strong>, una hermosa regi\u00f3n con colinas suaves y onduladas ubicada en la parte centro-sur de la isla.<\/p>\n\n\n\n<h3 class=\"wp-block-heading\">El complejo nur\u00e1gico de Barumini Su Nuraxi: Patrimonio de la Unesco<\/h3>\n\n\n\n<p>La primera parada es <strong>Barumini<\/strong>, en las inmediaciones del <strong>complejo nur\u00e1gico<\/strong>, uno de los sitios arqueol\u00f3gicos m\u00e1s importantes del Mediterr\u00e1neo: <strong>Su Nuraxi<\/strong>, por su importancia y valor hist\u00f3rico, ha sido reconocido por la UNESCO como Patrimonio de la Humanidad en 1997.<\/p>\n\n\n\n<figure class=\"wp-block-image\"><img fetchpriority=\"high\" decoding=\"async\" width=\"960\" height=\"640\" src=\"https:\/\/yepcampers.com\/wp-content\/uploads\/2019\/01\/nuraghe-su-Nuraxi-de-barumini.jpg\" alt=\"El complejo nur\u00e1gico prehist\u00f3rico Su Nuraxi de Barumini, Patrimonio de la Humanidad por la UNESCO\" class=\"wp-image-4565\" srcset=\"https:\/\/yepcampers.com\/wp-content\/uploads\/2019\/01\/nuraghe-su-Nuraxi-de-barumini.jpg 960w, https:\/\/yepcampers.com\/wp-content\/uploads\/2019\/01\/nuraghe-su-Nuraxi-de-barumini-400x267.jpg 400w, https:\/\/yepcampers.com\/wp-content\/uploads\/2019\/01\/nuraghe-su-Nuraxi-de-barumini-768x512.jpg 768w, https:\/\/yepcampers.com\/wp-content\/uploads\/2019\/01\/nuraghe-su-Nuraxi-de-barumini-500x333.jpg 500w\" sizes=\"(max-width: 960px) 100vw, 960px\" \/><figcaption>El complejo nur\u00e1gico prehist\u00f3rico Su Nuraxi de Barumini, Patrimonio de la Humanidad por la UNESCO<\/figcaption><\/figure>\n\n\n\n<h3 class=\"wp-block-heading\">Los caballos de la Giara di Gesturi: \u00fanicos en Europa<\/h3>\n\n\n\n<p>Inmediatamente despu\u00e9s, unos pocos kil\u00f3metros, se llega a <strong>Gesturi<\/strong>, desde donde se sube por una carretera que nos lleva a una meseta llamada <strong>Giara di Gesturi<\/strong>. Si tiene un mapa de la meseta o quiere disfrutar los servicios de gu\u00eda local, puede explorar este \u00e1rea caracter\u00edstica en busca de los caballos aut\u00f3ctonos que viven aqu\u00ed, considerados <strong>los \u00fanicos caballos verdaderamente salvajes de Europa<\/strong>.<\/p>\n\n\n\n<figure class=\"wp-block-image\"><img decoding=\"async\" width=\"960\" height=\"640\" src=\"https:\/\/yepcampers.com\/wp-content\/uploads\/2019\/01\/caballos-giara.jpg\" alt=\"Los caballos de la Giara, los \u00fanicos salvajes de Europa.\" class=\"wp-image-4569\" srcset=\"https:\/\/yepcampers.com\/wp-content\/uploads\/2019\/01\/caballos-giara.jpg 960w, https:\/\/yepcampers.com\/wp-content\/uploads\/2019\/01\/caballos-giara-400x267.jpg 400w, https:\/\/yepcampers.com\/wp-content\/uploads\/2019\/01\/caballos-giara-768x512.jpg 768w, https:\/\/yepcampers.com\/wp-content\/uploads\/2019\/01\/caballos-giara-500x333.jpg 500w\" sizes=\"(max-width: 960px) 100vw, 960px\" \/><figcaption>Los caballos de la Giara, los \u00fanicos salvajes de Europa.<\/figcaption><\/figure>\n\n\n\n<h3 class=\"wp-block-heading\">En Barbagia: la Cerde\u00f1a menos conocida que te sorprender\u00e1<\/h3>\n\n\n\n<p>Continuamos ahora hacia <strong>Barbagia<\/strong>, una vasta regi\u00f3n monta\u00f1osa del centro de Cerde\u00f1a que se extiende a lo largo de los lados del macizo <strong>Gennargentu<\/strong>. Viajamos unos 60 km pasando por <strong>Nuragus<\/strong>, <strong>Genoni<\/strong>, <strong>Laconi<\/strong> (aqu\u00ed vale la pena pararse por el <strong>parque Aymerich<\/strong>), luego cruzamos los grandes bosques de casta\u00f1os cerca de <strong>Aritzo<\/strong> y <strong>Desulo<\/strong>, un antiguo pueblo de monta\u00f1a caracterizado por tradiciones centenarias, donde nos detendremos durante la noche.<\/p>\n\n\n\n<figure class=\"wp-block-image\"><img decoding=\"async\" width=\"960\" height=\"639\" src=\"https:\/\/yepcampers.com\/wp-content\/uploads\/2019\/01\/verdadera-cerde\u00f1a.jpg\" alt=\"Una t\u00edpica casa sarda de piedra \" class=\"wp-image-4573\" srcset=\"https:\/\/yepcampers.com\/wp-content\/uploads\/2019\/01\/verdadera-cerde\u00f1a.jpg 960w, https:\/\/yepcampers.com\/wp-content\/uploads\/2019\/01\/verdadera-cerde\u00f1a-400x266.jpg 400w, https:\/\/yepcampers.com\/wp-content\/uploads\/2019\/01\/verdadera-cerde\u00f1a-768x511.jpg 768w, https:\/\/yepcampers.com\/wp-content\/uploads\/2019\/01\/verdadera-cerde\u00f1a-500x333.jpg 500w\" sizes=\"(max-width: 960px) 100vw, 960px\" \/><figcaption>Una t\u00edpica casa sarda de piedra <\/figcaption><\/figure>\n\n\n\n<p>Al d\u00eda siguiente, la ruta nos lleva al mar, la <strong>hermosa y salvaje costa centro-oriental de Cerde\u00f1a<\/strong>.<\/p>\n\n\n\n<p>Los aproximadamente 120 km que recorreremos est\u00e1n todos en las monta\u00f1as y, una peque\u00f1a aventura, pero los paisajes salvajes recompensan este tramo de carretera.<\/p>\n\n\n\n<p>Despu\u00e9s de pasar <strong>Fonni<\/strong>, el pa\u00eds a mayor altitud de la isla, llegamos a <strong>Mamoiada<\/strong>, donde es muy interesante visitar el <strong>museo de las m\u00e1scaras<\/strong>. De hecho, el carnaval, particularmente en estas partes, se vive intensamente y las m\u00e1scaras b\u00e1rbaricinas son una de las expresiones m\u00e1s famosas y originales.<\/p>\n\n\n\n<p>Pasado <strong>Orgosolo<\/strong>, con sus originales pinturas murales, se llega a <strong>Oliena<\/strong>, al pie del caracter\u00edstico <strong>Monte Corrasi<\/strong>, en cuyo territorio se encuentra la fuente de <strong>Su Gologone<\/strong>, en un paisaje natural salvaje y fascinante. M\u00e1s all\u00e1 de <strong>Dorgali<\/strong>, un fuerte descenso conduce a <strong>Cala Gonone<\/strong>, un sitio tur\u00edstico muy conocido, con muchos hoteles y restaurantes.<\/p>\n\n\n\n<h2 class=\"wp-block-heading\">En el azul de la costa centro-oriental de Cerde\u00f1a<\/h2>\n\n\n\n<h3 class=\"wp-block-heading\">La ruta de trekking El \u201cSelvaggio Blu\u201d y el mar m\u00e1s bello del mundo<\/h3>\n\n\n\n<p>Al tercer d\u00eda no se necesitan traslados terrestres. De hecho, es casi obligatorio tomar asiento en uno de los muchas embarcaciones que transportan a los turistas por la ma\u00f1ana en un itinerario que toca lugares y playas inolvidables, inaccesibles para los veh\u00edculos terrestres, si no a trav\u00e9s de una <strong>ruta de trekking<\/strong> apasionante conocida por los entusiastas como \u00ab<strong>Selvaggio Blu\u00bb<\/strong>.<\/p>\n\n\n\n<div class=\"wp-block-image\"><figure class=\"aligncenter\"><img loading=\"lazy\" decoding=\"async\" width=\"960\" height=\"720\" src=\"https:\/\/yepcampers.com\/wp-content\/uploads\/2019\/01\/cala-goloritz\u00e8-cerde\u00f1a.jpg\" alt=\"Cala Goloritz\u00e8 con su prominente aguja\" class=\"wp-image-4577\" srcset=\"https:\/\/yepcampers.com\/wp-content\/uploads\/2019\/01\/cala-goloritz\u00e8-cerde\u00f1a.jpg 960w, https:\/\/yepcampers.com\/wp-content\/uploads\/2019\/01\/cala-goloritz\u00e8-cerde\u00f1a-400x300.jpg 400w, https:\/\/yepcampers.com\/wp-content\/uploads\/2019\/01\/cala-goloritz\u00e8-cerde\u00f1a-768x576.jpg 768w, https:\/\/yepcampers.com\/wp-content\/uploads\/2019\/01\/cala-goloritz\u00e8-cerde\u00f1a-500x375.jpg 500w\" sizes=\"(max-width: 960px) 100vw, 960px\" \/><figcaption>Cala Goloritz\u00e8 con su prominente aguja<\/figcaption><\/figure><\/div>\n\n\n\n<p>La visita a las <strong>cuevas del Bue Marino<\/strong>, la vista de <strong>Cala Goloritz\u00e8<\/strong>, las paradas en <strong>Cala Luna<\/strong> y <strong>Cala Mariolu<\/strong> son las etapas m\u00e1s emocionantes de esta excursi\u00f3n, en un d\u00eda entero que recordar\u00e1 por el color y la transparencia del mar, por la belleza salvaje de sus playas y por esa mezcla de sensaciones que se conocen como <strong>\u00abmal di Sardegna\u00bb<\/strong>, que lo convencer\u00e1n a regresar pronto a esta tierra.<\/p>\n\n\n\n<h3 class=\"wp-block-heading\">De Dorgali a Arbatax<\/h3>\n\n\n\n<p>Volviendo al cuarto d\u00eda de nuestro itinerario, disfrutar\u00e1 de otros momentos emocionantes. El camino que va de <strong>Dorgali<\/strong> a <strong>Arbatax<\/strong> se desarrolla en una meseta de gran soledad y rara belleza.<\/p>\n\n\n\n<p>Cerca de <strong>Genna Silana<\/strong>, un porto de monta\u00f1a a m\u00e1s de 1.000 metros sobre el nivel del mar, encontramos el desfiladero de <strong>Su Gorroppu<\/strong> en el fondo, en el lado derecho de la carretera, una espectacular fisura abierta en los acantilados de piedra caliza: es aconsejable aconpa\u00f1arse de gu\u00edas que nos ayuden en el camino, pasando por una ruta estrecha pero sin duda fascinante.<\/p>\n\n\n\n<p>Cerca de <strong>Baunei<\/strong>, unas decenas de kil\u00f3metros m\u00e1s adelante, podemos hacer un peque\u00f1o desv\u00edo hacia el mar donde de forma de admirar el paisaje desde <strong>Punta Pedra Longa<\/strong>, y luego hacer una parada en las hermosas playas de <strong>Santa Mar\u00eda Navarrese<\/strong>, redeadas de frescos bosques de pinos.<\/p>\n\n\n\n<div class=\"wp-block-image\"><figure class=\"aligncenter\"><img loading=\"lazy\" decoding=\"async\" width=\"960\" height=\"639\" src=\"https:\/\/yepcampers.com\/wp-content\/uploads\/2019\/01\/mar-cuevas.jpg\" alt=\"El mar turquesa de Cerde\u00f1a y sus cuevas\" class=\"wp-image-4581\" srcset=\"https:\/\/yepcampers.com\/wp-content\/uploads\/2019\/01\/mar-cuevas.jpg 960w, https:\/\/yepcampers.com\/wp-content\/uploads\/2019\/01\/mar-cuevas-400x266.jpg 400w, https:\/\/yepcampers.com\/wp-content\/uploads\/2019\/01\/mar-cuevas-768x511.jpg 768w, https:\/\/yepcampers.com\/wp-content\/uploads\/2019\/01\/mar-cuevas-500x333.jpg 500w\" sizes=\"(max-width: 960px) 100vw, 960px\" \/><figcaption>El mar turquesa de Cerde\u00f1a y sus cuevas<\/figcaption><\/figure><\/div>\n\n\n\n<p>La \u00faltima secci\u00f3n del itinerario de hoy nos lleva a <strong>Arbatax<\/strong>, que antes fue en un peque\u00f1o pueblo pesquero, despu\u00e9s  convertido en un centro tur\u00edstico.<\/p>\n\n\n\n<h2 class=\"wp-block-heading\">Hacia Ulassai en la Cerde\u00f1a no contaminada de los centenarios<\/h2>\n\n\n\n<p>En el \u00faltimo d\u00eda de este itinerario, los aproximadamente 150 km que separan a <strong>Arbatax <\/strong>del regreso a <strong>Marmilla <\/strong>se cubren en aproximadamente en 3.5-4 horas por la desviaci\u00f3n en la ruta, pero cruzan un \u00e1rea salvaje y escasamente habitada donde la naturaleza es soberana.<\/p>\n\n\n\n<p>M\u00e1s all\u00e1 de <strong>Tortol\u00ec <\/strong>y <strong>Lanusei<\/strong>, los panoramas ofrecidos en los alrededores de <strong>Gairo <\/strong>son \u00fanicos.<\/p>\n\n\n\n<p>De hecho, el entorno es rico en bosques y \u00abtalones\u00bb de piedra caliza, entre los que destaca el monumento natural de <strong>\u00abPerda Liana \u00ab<\/strong>, una monta\u00f1a majestuosa cuya forma singular y sus 1297 metros, domina la vasta area de el  <strong>Gennargentu<\/strong>. Un desv\u00edo nos permite hacer una parada en <strong>Ulassai <\/strong>para visitar las cuevas de <strong>Su Marmuri<\/strong>, en un impresionante anfiteatro rocoso. Luego podemos pararnos un rato en el bonito pueblo de <strong>Sadali <\/strong>para refrescarnos cerca de la cascada de <strong>San Valentino<\/strong>, que en el per\u00edodo feudal aliment\u00f3 los molinos del pueblo.<\/p>\n\n\n\n<figure class=\"wp-block-image\"><img loading=\"lazy\" decoding=\"async\" width=\"960\" height=\"640\" src=\"https:\/\/yepcampers.com\/wp-content\/uploads\/2019\/01\/ulassai-pueblo.jpg\" alt=\"Ulassai en todo su esplendor\" class=\"wp-image-4585\" srcset=\"https:\/\/yepcampers.com\/wp-content\/uploads\/2019\/01\/ulassai-pueblo.jpg 960w, https:\/\/yepcampers.com\/wp-content\/uploads\/2019\/01\/ulassai-pueblo-400x267.jpg 400w, https:\/\/yepcampers.com\/wp-content\/uploads\/2019\/01\/ulassai-pueblo-768x512.jpg 768w, https:\/\/yepcampers.com\/wp-content\/uploads\/2019\/01\/ulassai-pueblo-500x333.jpg 500w\" sizes=\"(max-width: 960px) 100vw, 960px\" \/><figcaption>Ulassai en todo su esplendor<\/figcaption><\/figure>\n\n\n\n<p><strong>Nuestra ruta en la parte centro-oriental de Cerde\u00f1a <\/strong>ha finalizado, pero os aseguramos que las muchas bellezas observadas en estos 5 d\u00edas permanecer\u00e1n indelebles en sus recuerdos durante mucho tiempo.<\/p>\n\n\n\n<p style=\"text-align:center\" class=\"has-small-font-size\"><strong><em>Puede descubrir el itinerario propuesto de muchas maneras diferentes, pero viajar con una autocaravana en alquiler ser\u00e1 sin duda la mejor soluci\u00f3n para vivir intensamente los lugares, las personas y la naturaleza virgen de esta maravillosa zona de Cerde\u00f1a.<\/em><\/strong><\/p>\n\n\n\n<p style=\"text-align:center\" class=\"has-small-font-size\"><strong>\u00a1Alquila una autocaravana y disfruta de la isla libremente!<\/strong> <a href=\"https:\/\/yepcampers.com\/es\/#reservas\">RESERVA AQUI<\/a><\/p>\n","protected":false},"excerpt":{"rendered":"<p>Alquilar una autocaravana en Cerde\u00f1a para explorar la isla es una forma sencilla y econ\u00f3mica de visitar tantos lugares como sea posible y libremente, en un periodo de tiempo relativamente corto. A veces, sin embargo, puede resultar dif\u00edcil planificar el viaje en autocaravana en Cerde\u00f1a para saborear lo mejor que la isla puede ofrecer en [&hellip;]<\/p>\n","protected":false},"author":4,"featured_media":4561,"comment_status":"closed","ping_status":"closed","sticky":false,"template":"","format":"standard","meta":{"site-sidebar-layout":"right-sidebar","site-content-layout":"plain-container","ast-site-content-layout":"default","site-content-style":"default","site-sidebar-style":"default","ast-global-header-display":"","ast-banner-title-visibility":"","ast-main-header-display":"","ast-hfb-above-header-display":"","ast-hfb-below-header-display":"","ast-hfb-mobile-header-display":"","site-post-title":"","ast-breadcrumbs-content":"","ast-featured-img":"","footer-sml-layout":"","ast-disable-related-posts":"","theme-transparent-header-meta":"default","adv-header-id-meta":"","stick-header-meta":"default","header-above-stick-meta":"","header-main-stick-meta":"","header-below-stick-meta":"","astra-migrate-meta-layouts":"default","ast-page-background-enabled":"default","ast-page-background-meta":{"desktop":{"background-color":"","background-image":"","background-repeat":"repeat","background-position":"center center","background-size":"auto","background-attachment":"scroll","background-type":"","background-media":"","overlay-type":"","overlay-color":"","overlay-opacity":"","overlay-gradient":""},"tablet":{"background-color":"","background-image":"","background-repeat":"repeat","background-position":"center center","background-size":"auto","background-attachment":"scroll","background-type":"","background-media":"","overlay-type":"","overlay-color":"","overlay-opacity":"","overlay-gradient":""},"mobile":{"background-color":"","background-image":"","background-repeat":"repeat","background-position":"center center","background-size":"auto","background-attachment":"scroll","background-type":"","background-media":"","overlay-type":"","overlay-color":"","overlay-opacity":"","overlay-gradient":""}},"ast-content-background-meta":{"desktop":{"background-color":"var(--ast-global-color-5)","background-image":"","background-repeat":"repeat","background-position":"center center","background-size":"auto","background-attachment":"scroll","background-type":"","background-media":"","overlay-type":"","overlay-color":"","overlay-opacity":"","overlay-gradient":""},"tablet":{"background-color":"var(--ast-global-color-5)","background-image":"","background-repeat":"repeat","background-position":"center center","background-size":"auto","background-attachment":"scroll","background-type":"","background-media":"","overlay-type":"","overlay-color":"","overlay-opacity":"","overlay-gradient":""},"mobile":{"background-color":"var(--ast-global-color-5)","background-image":"","background-repeat":"repeat","background-position":"center center","background-size":"auto","background-attachment":"scroll","background-type":"","background-media":"","overlay-type":"","overlay-color":"","overlay-opacity":"","overlay-gradient":""}},"footnotes":""},"categories":[43],"tags":[],"class_list":["post-4586","post","type-post","status-publish","format-standard","has-post-thumbnail","hentry","category-rutas-cerdena"],"_links":{"self":[{"href":"https:\/\/yepcampers.com\/es\/wp-json\/wp\/v2\/posts\/4586","targetHints":{"allow":["GET"]}}],"collection":[{"href":"https:\/\/yepcampers.com\/es\/wp-json\/wp\/v2\/posts"}],"about":[{"href":"https:\/\/yepcampers.com\/es\/wp-json\/wp\/v2\/types\/post"}],"author":[{"embeddable":true,"href":"https:\/\/yepcampers.com\/es\/wp-json\/wp\/v2\/users\/4"}],"replies":[{"embeddable":true,"href":"https:\/\/yepcampers.com\/es\/wp-json\/wp\/v2\/comments?post=4586"}],"version-history":[{"count":0,"href":"https:\/\/yepcampers.com\/es\/wp-json\/wp\/v2\/posts\/4586\/revisions"}],"wp:featuredmedia":[{"embeddable":true,"href":"https:\/\/yepcampers.com\/es\/wp-json\/wp\/v2\/media\/4561"}],"wp:attachment":[{"href":"https:\/\/yepcampers.com\/es\/wp-json\/wp\/v2\/media?parent=4586"}],"wp:term":[{"taxonomy":"category","embeddable":true,"href":"https:\/\/yepcampers.com\/es\/wp-json\/wp\/v2\/categories?post=4586"},{"taxonomy":"post_tag","embeddable":true,"href":"https:\/\/yepcampers.com\/es\/wp-json\/wp\/v2\/tags?post=4586"}],"curies":[{"name":"wp","href":"https:\/\/api.w.org\/{rel}","templated":true}]}}