{"id":3796,"date":"2018-12-30T14:13:11","date_gmt":"2018-12-30T14:13:11","guid":{"rendered":"https:\/\/yepcampers.com\/blog\/cerdena-para-explorar\/sbiru-asunis-el-fotografo-de-surf\/"},"modified":"2018-12-30T14:34:46","modified_gmt":"2018-12-30T14:34:46","slug":"sbiru-asunis-el-fotografo-de-surf","status":"publish","type":"post","link":"https:\/\/yepcampers.com\/es\/blog\/cerdena-para-explorar\/sbiru-asunis-el-fotografo-de-surf\/","title":{"rendered":"Sbiru Asunis, el fot\u00f3grafo de surf"},"content":{"rendered":"<p>Cuando decida <a href=\"https:\/\/yepcampers.com\/es\/\"><strong>explorar Cerde\u00f1a con una autocaravana de alquiler<\/strong><\/a>, siempre es recomendable que se organice de la mejor manera para no perder los momentos inolvidables de sus vacaciones.<\/p>\n<p>Si bien los tel\u00e9fonos inteligentes actuales permiten que cualquiera cree y comparta magn\u00edficas instant\u00e1neas con orgullo, hay alguien en Cerde\u00f1a que, con pasi\u00f3n y obstinaci\u00f3n, ha decidido ir m\u00e1s all\u00e1 para hacer que todos puedan acceder a ellos a precios razonables, servicios de fotograf\u00eda extraordinarios destinados, hasta hace unos a\u00f1os, a una elite de deportistas afortunados!<\/p>\n<p>Su nombre es <strong>Gianluca Asunis<\/strong>, pero todos lo llaman <strong>Sbiru<\/strong> y nos complace present\u00e1rselo.<\/p>\n<p>Antes de encontrarnos con \u00e9l en las olas, no lo conoc\u00edamos personalmente; sin embargo, varias veces tuvimos que leer el curioso nombre Sbiru en los t\u00edtulos de las fotograf\u00edas de las p\u00e1ginas sociales que hablan sobre el <strong>surf en Cerde\u00f1a<\/strong> y, por lo tanto, es cierto que su rostro, hasta entonces completamente desconocido para nosotros, era por alguna extra\u00f1a raz\u00f3n ya familiar.<\/p>\n<p>Cuando una tarde de septiembre tuvimos la suerte de conocerlo, fue f\u00e1cil darse cuenta de c\u00f3mo esas fotograf\u00edas tan genuinas, frescas y poderosas no pod\u00edan que nacer de la visi\u00f3n de ese tipo con el nombre extra\u00f1o y la enorme sonrisa, apenas escondida por el traje de buceo azul que usa para hacer eternos los <strong>sue\u00f1os de los surfistas sardos<\/strong>.<\/p>\n<p>Sbiru es uno de los fot\u00f3grafos acu\u00e1ticos emergentes de la escena de la isla, un personaje agradable y genuino, gracias al cual cada persona que practica surf puede finalmente preservar sus <strong>mejores im\u00e1genes de las olas en Cerde\u00f1a<\/strong>, hace unos a\u00f1os privilegio de solo profesionales.<\/p>\n<p>Intrigados y fascinados por el personaje de Sbiru, decidimos contactarlo para hacerle algunas preguntas sobre su pasi\u00f3n y su profesi\u00f3n, porque s\u00ed, gracias a su pasi\u00f3n, \u00a1ahora es un <strong>fot\u00f3grafo profesional prometedor<\/strong>!<\/p>\n<h2>Sbiru Asunis, el fot\u00f3grafo de surf en Cerde\u00f1a<\/h2>\n<p><strong>Hola Gianluca, en primer lugar porque Sbiru?<\/strong><\/p>\n<p>\u00abHola a todos y gracias por las hermosas palabras que me han dedicado. Sbiru es un nombre que me dio un amigo de mi patinador en 1999 cuando comenc\u00e9 a patinar, vestirme con pantalones y blusas (estilo payaso);\u00a0 desde entonces este apodo se ha mantenido y todos me conocen de esta forma\u201d.<\/p>\n<p><strong>\u00bfCu\u00e1ndo y c\u00f3mo surgi\u00f3 tu pasi\u00f3n por la fotograf\u00eda y la creaci\u00f3n de video?<\/strong><\/p>\n<p>\u201cMi pasi\u00f3n por la fotograf\u00eda y el video naci\u00f3 en el a\u00f1o 2000 cuando, con unos amigos, comenzamos a fotografiarnos mutuamente entre sesiones en patines, luego la llamada del mar me llev\u00f3 a comprar mi primer equipo profesional. Unos a\u00f1os despu\u00e9s de obtener un poco de confianza en las olas, decid\u00ed que era hora de comprar un traje de buceo profesional para mi c\u00e1mara r\u00e9flex y desde hace dos a\u00f1os produzco fotos y videos para atletas y empresas\u201d.<\/p>\n<p><strong>Para rodar en las olas necesitas una preparaci\u00f3n atl\u00e9tica adecuada, combinada con una gran pasi\u00f3n por el mar y la fotograf\u00eda, no es de hecho una coincidencia que muchos fot\u00f3grafos de surf sean surfistas con una pasi\u00f3n por la fotograf\u00eda, \u00bfeste es tu caso tambi\u00e9n?<\/strong><\/p>\n<p>\u00abS\u00ed, empec\u00e9 con el bodyboard en 2000 durante 2 -3 a\u00f1os hasta que compr\u00e9 mi primer de tabla de surf shortboard. Tambi\u00e9n practico Calisthenics , un tipo de entrenamiento corporal de cuerpo libre, entre barras y varias flexiones que sin duda ayudan a prepararme y, ocasionalmente, voy a Sup. Estar en medio de las olas con las corrientes que arrojas por todas partes no es\u00a0 juego para ni\u00f1os\u201c.<\/p>\n<p><strong>\u00bfCu\u00e1l es la hora del d\u00eda en que prefiere tomar fotograf\u00edas en el agua?<\/strong><\/p>\n<p>\u00abAmanecer con sus luces delicadas y agradables\u00bb.<\/p>\n<p><strong>\u00bfQu\u00e9 maniobra preferir\u00eda un surfista frente a su objetivo?<\/strong><\/p>\n<p>\u00abAlgunas tubazos o\u00a0<i><\/i>a\u00e9reos<i><\/i>\u00ab.<\/p>\n<figure id=\"attachment_3805\" aria-describedby=\"caption-attachment-3805\" style=\"width: 960px\" class=\"wp-caption aligncenter\"><img fetchpriority=\"high\" decoding=\"async\" class=\"wp-image-3805 size-full\" src=\"https:\/\/yepcampers.com\/wp-content\/uploads\/2018\/12\/Tubo-surf-Cerde\u00f1a.jpg\" alt=\"El surfero Antonio Benoni en un tubo perfecto en la costa oeste de Cerde\u00f1a\" width=\"960\" height=\"480\" srcset=\"https:\/\/yepcampers.com\/wp-content\/uploads\/2018\/12\/Tubo-surf-Cerde\u00f1a.jpg 960w, https:\/\/yepcampers.com\/wp-content\/uploads\/2018\/12\/Tubo-surf-Cerde\u00f1a-400x200.jpg 400w, https:\/\/yepcampers.com\/wp-content\/uploads\/2018\/12\/Tubo-surf-Cerde\u00f1a-768x384.jpg 768w, https:\/\/yepcampers.com\/wp-content\/uploads\/2018\/12\/Tubo-surf-Cerde\u00f1a-500x250.jpg 500w\" sizes=\"(max-width: 960px) 100vw, 960px\" \/><figcaption id=\"caption-attachment-3805\" class=\"wp-caption-text\">Tubos perfectos para Antonio Benoni en la costa oeste de Cerde\u00f1a<\/figcaption><\/figure>\n<p><strong>\u00bfCu\u00e1les son los servicios que usted propone a los surfistas?<\/strong><\/p>\n<p>\u201cTengo la posibilidad de tomar fotos tanto desde el agua como desde el exterior con un teleobjetivo o desde arriba con un drone. Luego dejo que los surfistas decidan qu\u00e9 tipo de fotos \/ videos les gustar\u00eda que produjera para su d\u00eda. \u00a1Tambi\u00e9n propongo con placer el video del d\u00eda, montado con buena m\u00fasica para tener un recuerdo imborrable a lo largo de los a\u00f1os!\u201c.<\/p>\n<p><strong>Sabemos que ha sido muy decidido a transformar su gran pasi\u00f3n por la fotograf\u00eda en una profesi\u00f3n, cuando no est\u00e1 en el agua en medio de las olas, \u00bfqu\u00e9 hace?<\/strong><\/p>\n<p>\u00abMe ocupo de fotograf\u00edas publicitarias y videos corporativos, e incluso de algunas bodas\u00bb.<\/p>\n<p><strong>Finalmente, nos gustar\u00eda preguntarle qu\u00e9 es el mejor lugar sardo y su surfista favorito &#8230;<\/strong><\/p>\n<p>\u00abAmo la costa verde, no muy poblada y muy salvaje, mis lugares favoritos siguen siendo el secreto del Iglesiente. Mis surfistas favoritos son, sin duda, Kelly Slater y John John Florence \u00ab.<\/p>\n<h2>Los servicios fotogr\u00e1ficos de Sbiru Asunis disponibles en Yep Campers<\/h2>\n<p>A partir de hoy, <strong>Yep Campers<\/strong> le ofrece la oportunidad de hacer que sus vacaciones sean \u00fanicas seleccionando los servicios fotogr\u00e1ficos de Sbiru como opciones adicionales en el momento de su salida. Haga <a href=\"https:\/\/yepcampers.com\/es\/tu-viaje\/\">clic aqu\u00ed<\/a> para aprender m\u00e1s!<\/p>\n<p><img decoding=\"async\" class=\"aligncenter wp-image-3797 size-full\" src=\"https:\/\/yepcampers.com\/wp-content\/uploads\/2018\/12\/Agua-Arriba-Abajo.jpg\" alt=\"El mar de Cerde\u00f1a por encima y por debajo del agua\" width=\"2048\" height=\"1365\" srcset=\"https:\/\/yepcampers.com\/wp-content\/uploads\/2018\/12\/Agua-Arriba-Abajo.jpg 2048w, https:\/\/yepcampers.com\/wp-content\/uploads\/2018\/12\/Agua-Arriba-Abajo-400x267.jpg 400w, https:\/\/yepcampers.com\/wp-content\/uploads\/2018\/12\/Agua-Arriba-Abajo-768x512.jpg 768w, https:\/\/yepcampers.com\/wp-content\/uploads\/2018\/12\/Agua-Arriba-Abajo-1024x683.jpg 1024w, https:\/\/yepcampers.com\/wp-content\/uploads\/2018\/12\/Agua-Arriba-Abajo-500x333.jpg 500w\" sizes=\"(max-width: 2048px) 100vw, 2048px\" \/><\/p>\n","protected":false},"excerpt":{"rendered":"<p>Cuando decida explorar Cerde\u00f1a con una autocaravana de alquiler, siempre es recomendable que se organice de la mejor manera para no perder los momentos inolvidables de sus vacaciones. Si bien los tel\u00e9fonos inteligentes actuales permiten que cualquiera cree y comparta magn\u00edficas instant\u00e1neas con orgullo, hay alguien en Cerde\u00f1a que, con pasi\u00f3n y obstinaci\u00f3n, ha decidido [&hellip;]<\/p>\n","protected":false},"author":4,"featured_media":3801,"comment_status":"closed","ping_status":"closed","sticky":false,"template":"","format":"standard","meta":{"site-sidebar-layout":"right-sidebar","site-content-layout":"plain-container","ast-site-content-layout":"default","site-content-style":"default","site-sidebar-style":"default","ast-global-header-display":"","ast-banner-title-visibility":"","ast-main-header-display":"","ast-hfb-above-header-display":"","ast-hfb-below-header-display":"","ast-hfb-mobile-header-display":"","site-post-title":"","ast-breadcrumbs-content":"","ast-featured-img":"","footer-sml-layout":"","ast-disable-related-posts":"","theme-transparent-header-meta":"default","adv-header-id-meta":"","stick-header-meta":"default","header-above-stick-meta":"","header-main-stick-meta":"","header-below-stick-meta":"","astra-migrate-meta-layouts":"default","ast-page-background-enabled":"default","ast-page-background-meta":{"desktop":{"background-color":"","background-image":"","background-repeat":"repeat","background-position":"center center","background-size":"auto","background-attachment":"scroll","background-type":"","background-media":"","overlay-type":"","overlay-color":"","overlay-opacity":"","overlay-gradient":""},"tablet":{"background-color":"","background-image":"","background-repeat":"repeat","background-position":"center center","background-size":"auto","background-attachment":"scroll","background-type":"","background-media":"","overlay-type":"","overlay-color":"","overlay-opacity":"","overlay-gradient":""},"mobile":{"background-color":"","background-image":"","background-repeat":"repeat","background-position":"center center","background-size":"auto","background-attachment":"scroll","background-type":"","background-media":"","overlay-type":"","overlay-color":"","overlay-opacity":"","overlay-gradient":""}},"ast-content-background-meta":{"desktop":{"background-color":"var(--ast-global-color-5)","background-image":"","background-repeat":"repeat","background-position":"center center","background-size":"auto","background-attachment":"scroll","background-type":"","background-media":"","overlay-type":"","overlay-color":"","overlay-opacity":"","overlay-gradient":""},"tablet":{"background-color":"var(--ast-global-color-5)","background-image":"","background-repeat":"repeat","background-position":"center center","background-size":"auto","background-attachment":"scroll","background-type":"","background-media":"","overlay-type":"","overlay-color":"","overlay-opacity":"","overlay-gradient":""},"mobile":{"background-color":"var(--ast-global-color-5)","background-image":"","background-repeat":"repeat","background-position":"center center","background-size":"auto","background-attachment":"scroll","background-type":"","background-media":"","overlay-type":"","overlay-color":"","overlay-opacity":"","overlay-gradient":""}},"footnotes":""},"categories":[21],"tags":[],"class_list":["post-3796","post","type-post","status-publish","format-standard","has-post-thumbnail","hentry","category-cerdena-para-explorar"],"_links":{"self":[{"href":"https:\/\/yepcampers.com\/es\/wp-json\/wp\/v2\/posts\/3796","targetHints":{"allow":["GET"]}}],"collection":[{"href":"https:\/\/yepcampers.com\/es\/wp-json\/wp\/v2\/posts"}],"about":[{"href":"https:\/\/yepcampers.com\/es\/wp-json\/wp\/v2\/types\/post"}],"author":[{"embeddable":true,"href":"https:\/\/yepcampers.com\/es\/wp-json\/wp\/v2\/users\/4"}],"replies":[{"embeddable":true,"href":"https:\/\/yepcampers.com\/es\/wp-json\/wp\/v2\/comments?post=3796"}],"version-history":[{"count":0,"href":"https:\/\/yepcampers.com\/es\/wp-json\/wp\/v2\/posts\/3796\/revisions"}],"wp:featuredmedia":[{"embeddable":true,"href":"https:\/\/yepcampers.com\/es\/wp-json\/wp\/v2\/media\/3801"}],"wp:attachment":[{"href":"https:\/\/yepcampers.com\/es\/wp-json\/wp\/v2\/media?parent=3796"}],"wp:term":[{"taxonomy":"category","embeddable":true,"href":"https:\/\/yepcampers.com\/es\/wp-json\/wp\/v2\/categories?post=3796"},{"taxonomy":"post_tag","embeddable":true,"href":"https:\/\/yepcampers.com\/es\/wp-json\/wp\/v2\/tags?post=3796"}],"curies":[{"name":"wp","href":"https:\/\/api.w.org\/{rel}","templated":true}]}}