{"id":13225,"date":"2020-07-31T11:17:33","date_gmt":"2020-07-31T11:17:33","guid":{"rendered":"https:\/\/yepcampers.com\/blog\/cerdena-para-explorar\/verano-en-cerdena-en-2020-diarios-de-viaje-de-los-campistas\/"},"modified":"2020-07-31T15:26:45","modified_gmt":"2020-07-31T15:26:45","slug":"verano-en-cerdena","status":"publish","type":"post","link":"https:\/\/yepcampers.com\/es\/blog\/cerdena-para-explorar\/verano-en-cerdena\/","title":{"rendered":"Verano en Cerde\u00f1a en 2020: diarios de viaje de los campistas"},"content":{"rendered":"\n<p>El <strong>verano en Cerde\u00f1a<\/strong> en 2020 significa mar, monta\u00f1as y naturaleza salvaje. De todas formas, no importa lo que elijas. La isla ciertamente te dar\u00e1 mucho m\u00e1s de lo que esperas.<\/p>\n\n\n\n\n\n<p>El verano est\u00e1 llegando, tu autocaravana est\u00e1 andando y todav\u00eda no sabes d\u00f3nde ir de vacaciones. \u00bfQuieres una sugerencia? Carga tu equipaje, ponte gasolina, dir\u00edgete al puerto m\u00e1s cercano y coge un ferry a la isla de Cerde\u00f1a: pasar el verano en Cerde\u00f1a, a bordo de tu amigo de cuatro ruedas, es la vacaci\u00f3n ideal para ti, que buscas relax y un poco de aventura.<\/p>\n\n\n\n<p>\u00bfQu\u00e9 dices, que Cerde\u00f1a es muy grande, s\u00f3lo tienes unos pocos d\u00edas y no sabes a d\u00f3nde ir?<\/p>\n\n\n\n<p>S\u00e9 listo y echa un vistazo a los <a href=\"https:\/\/www.camperonline.it\/diari\/\" class=\"rank-math-link\" target=\"_blank\" rel=\"noopener\">diarios de viaje<\/a> de tus compa\u00f1eros de campamento que han viajado a lo largo y ancho de esta hermosa tierra antes que t\u00fa.<\/p>\n\n\n\n<p>Encontrar\u00e1s mil asombrosos itinerarios que, entre playas encantadas y monta\u00f1as impenetrables y remotas, te permitir\u00e1n elegir con conciencia d\u00f3nde vivir tu verano en Cerde\u00f1a.<\/p>\n\n\n\n<figure class=\"wp-block-image size-large is-style-default\"><img fetchpriority=\"high\" decoding=\"async\" width=\"960\" height=\"580\" src=\"https:\/\/yepcampers.com\/wp-content\/uploads\/2020\/01\/estate-in-sardegna-selvaggia.jpg\" alt=\"Verano en Cerde\u00f1a\" class=\"wp-image-12866\" srcset=\"https:\/\/yepcampers.com\/wp-content\/uploads\/2020\/01\/estate-in-sardegna-selvaggia.jpg 960w, https:\/\/yepcampers.com\/wp-content\/uploads\/2020\/01\/estate-in-sardegna-selvaggia-400x242.jpg 400w, https:\/\/yepcampers.com\/wp-content\/uploads\/2020\/01\/estate-in-sardegna-selvaggia-768x464.jpg 768w\" sizes=\"(max-width: 960px) 100vw, 960px\" \/><figcaption>El verano en Cerde\u00f1a significa bah\u00edas solitarias para explorar<\/figcaption><\/figure>\n\n\n\n<h2 class=\"wp-block-heading\" id=\"0-%C2%BFqu%C3%A9-haces-en-verano-%C2%A1en-cerde%C3%B1a-se-va-al-mar\">\u00bfQu\u00e9 haces en verano? \u00a1En Cerde\u00f1a se va al mar!<\/h2>\n\n\n\n<p>El mar en Cerde\u00f1a es un sue\u00f1o y, si eres un ferviente admirador de \u00e9l, no puedes dejar de conmoverte por sus matices, que var\u00edan desde el azul de medianoche de las aguas profundas, al verde del fondo marino rocoso, hasta el cristal absoluto de las tranquilas olas que ba\u00f1an las playas blancas.<\/p>\n\n\n\n<p>Los itinerarios pueden ser m\u00faltiples. Para su verano en Cerde\u00f1a, muchos campistas optan por la lujosa Costa Esmeralda, donde entre el yate de un multimillonario y la cola para entrar en el club de moda, todav\u00eda se tiene la oportunidad de encontrar rincones v\u00edrgenes y sin aglomeraciones de gente.<\/p>\n\n\n\n<p>Otros deciden visitar el sur, m\u00e1s salvaje y menos VIP, pero sin duda m\u00e1s genuino y adecuado para unas vacaciones en autocaravana. Aqu\u00ed encontrar\u00e1 hermosas playas: la costa de Villasimius y Costa Rei cuenta con muchas playas de arena blanca, equipadas con todos los servicios.<\/p>\n\n\n\n<p>Para el verano en Cerde\u00f1a tambi\u00e9n se puede decidir ir al norte de la isla: en la provincia de Sassari se puede visitar el famoso Stintino, un para\u00edso de suave arena blanca, mientras que si se tiene la fuerza para dejar la autocaravana por lo menos un d\u00eda, en el extremo norte de Cerde\u00f1a se puede navegar en el Archipi\u00e9lago de la Maddalena, circunnavegando las islas del \u00c1rea Protegida.<\/p>\n\n\n\n<p>Y por qu\u00e9 no, aventurarse hasta Cabras, en la provincia de Oristano, y aparcar tu autocaravana justo delante de la playa de Is Arutas, formada por peque\u00f1os granos de cuarzo que brillan al sol.<\/p>\n\n\n\n<p>\u00bfNo eres un amante del mar? No importa: aqu\u00ed hay algunas sugerencias tomadas de los diarios de viaje de los campistas m\u00e1s experimentados, que han elegido intoxicarse con la belleza de Cerde\u00f1a en verano.<\/p>\n\n\n\n<h2 class=\"wp-block-heading\" id=\"1-el-verano-en-cerde%C3%B1a-no-es-s%C3%B3lo-el-mar\">El verano en Cerde\u00f1a: no es s\u00f3lo el mar<\/h2>\n\n\n\n<p>Adem\u00e1s de las playas de ensue\u00f1o, Cerde\u00f1a tambi\u00e9n cuenta con un encantador interior, rico en evidencias hist\u00f3ricas y atracciones naturales de primera clase.<\/p>\n\n\n\n<p>Para tu verano en Cerde\u00f1a, podr\u00edas organizar un tour por los muchos parques y \u00e1reas protegidas que abarrotan la regi\u00f3n: en este caso, no omitas en tu itinerario el Parque Nacional del Gennargentu, uno de los m\u00e1s bellos de nuestro pa\u00eds, donde puedes poner a prueba tu resistencia, enfrent\u00e1ndote a uno de los muchos senderos de la zona.<\/p>\n\n\n\n<figure class=\"wp-block-image size-large is-style-default\"><img decoding=\"async\" width=\"960\" height=\"620\" src=\"https:\/\/yepcampers.com\/wp-content\/uploads\/2020\/01\/sardegna-non-solo-mare.jpg\" alt=\"\" class=\"wp-image-12873\" srcset=\"https:\/\/yepcampers.com\/wp-content\/uploads\/2020\/01\/sardegna-non-solo-mare.jpg 960w, https:\/\/yepcampers.com\/wp-content\/uploads\/2020\/01\/sardegna-non-solo-mare-400x258.jpg 400w, https:\/\/yepcampers.com\/wp-content\/uploads\/2020\/01\/sardegna-non-solo-mare-768x496.jpg 768w\" sizes=\"(max-width: 960px) 100vw, 960px\" \/><figcaption>Cerde\u00f1a en verano no es s\u00f3lo mar<\/figcaption><\/figure>\n\n\n\n<p>O bien, puedes elegir visitar los monumentos naturales de la isla, organizando un tour que toque los m\u00e1s fascinantes: mientras conoces la lista, no olvides incluir el Oso Palau en Capo d&#8217;Orso, el Domo Andesitico en Acquafredda dentro del \u00e1rea natural protegida y S&#8217;Archittu en Santa Caterina, en la provincia de Oristano.<\/p>\n\n\n\n<p>Y si como verdadero campista te gusta viajar y pasar horas y horas conduciendo tu autocaravana, considera la posibilidad de hacer un viaje de <a href=\"https:\/\/yepcampers.com\/es\/blog\/rutas-cerdena\/cerdena-costa-a-costa\/\" class=\"rank-math-link\">costa a costa<\/a>, yendo en el sentido de las agujas del reloj o en sentido contrario a las agujas del reloj a trav\u00e9s de toda la isla: descubrir\u00e1s pintorescos pueblos y playas caribe\u00f1as, atravesando la naturaleza virgen por la que esta regi\u00f3n es justamente conocida.<\/p>\n\n\n\n<p>Y despu\u00e9s del verano en Cerde\u00f1a, t\u00fa tambi\u00e9n puedes llevarte a casa un diario de viaje lleno de emociones inolvidables.<\/p>\n","protected":false},"excerpt":{"rendered":"<p>El verano en Cerde\u00f1a en 2020 significa mar, monta\u00f1as y naturaleza salvaje. De todas formas, no importa lo que elijas. La isla ciertamente te dar\u00e1 mucho m\u00e1s de lo que esperas. El verano est\u00e1 llegando, tu autocaravana est\u00e1 andando y todav\u00eda no sabes d\u00f3nde ir de vacaciones. \u00bfQuieres una sugerencia? Carga tu equipaje, ponte gasolina, [&hellip;]<\/p>\n","protected":false},"author":4,"featured_media":12864,"comment_status":"closed","ping_status":"closed","sticky":false,"template":"","format":"standard","meta":{"site-sidebar-layout":"right-sidebar","site-content-layout":"plain-container","ast-site-content-layout":"default","site-content-style":"default","site-sidebar-style":"default","ast-global-header-display":"","ast-banner-title-visibility":"","ast-main-header-display":"","ast-hfb-above-header-display":"","ast-hfb-below-header-display":"","ast-hfb-mobile-header-display":"","site-post-title":"","ast-breadcrumbs-content":"","ast-featured-img":"","footer-sml-layout":"","ast-disable-related-posts":"","theme-transparent-header-meta":"default","adv-header-id-meta":"","stick-header-meta":"default","header-above-stick-meta":"","header-main-stick-meta":"","header-below-stick-meta":"","astra-migrate-meta-layouts":"default","ast-page-background-enabled":"default","ast-page-background-meta":{"desktop":{"background-color":"","background-image":"","background-repeat":"repeat","background-position":"center center","background-size":"auto","background-attachment":"scroll","background-type":"","background-media":"","overlay-type":"","overlay-color":"","overlay-opacity":"","overlay-gradient":""},"tablet":{"background-color":"","background-image":"","background-repeat":"repeat","background-position":"center center","background-size":"auto","background-attachment":"scroll","background-type":"","background-media":"","overlay-type":"","overlay-color":"","overlay-opacity":"","overlay-gradient":""},"mobile":{"background-color":"","background-image":"","background-repeat":"repeat","background-position":"center center","background-size":"auto","background-attachment":"scroll","background-type":"","background-media":"","overlay-type":"","overlay-color":"","overlay-opacity":"","overlay-gradient":""}},"ast-content-background-meta":{"desktop":{"background-color":"var(--ast-global-color-5)","background-image":"","background-repeat":"repeat","background-position":"center center","background-size":"auto","background-attachment":"scroll","background-type":"","background-media":"","overlay-type":"","overlay-color":"","overlay-opacity":"","overlay-gradient":""},"tablet":{"background-color":"var(--ast-global-color-5)","background-image":"","background-repeat":"repeat","background-position":"center center","background-size":"auto","background-attachment":"scroll","background-type":"","background-media":"","overlay-type":"","overlay-color":"","overlay-opacity":"","overlay-gradient":""},"mobile":{"background-color":"var(--ast-global-color-5)","background-image":"","background-repeat":"repeat","background-position":"center center","background-size":"auto","background-attachment":"scroll","background-type":"","background-media":"","overlay-type":"","overlay-color":"","overlay-opacity":"","overlay-gradient":""}},"footnotes":""},"categories":[21],"tags":[],"class_list":["post-13225","post","type-post","status-publish","format-standard","has-post-thumbnail","hentry","category-cerdena-para-explorar"],"_links":{"self":[{"href":"https:\/\/yepcampers.com\/es\/wp-json\/wp\/v2\/posts\/13225","targetHints":{"allow":["GET"]}}],"collection":[{"href":"https:\/\/yepcampers.com\/es\/wp-json\/wp\/v2\/posts"}],"about":[{"href":"https:\/\/yepcampers.com\/es\/wp-json\/wp\/v2\/types\/post"}],"author":[{"embeddable":true,"href":"https:\/\/yepcampers.com\/es\/wp-json\/wp\/v2\/users\/4"}],"replies":[{"embeddable":true,"href":"https:\/\/yepcampers.com\/es\/wp-json\/wp\/v2\/comments?post=13225"}],"version-history":[{"count":0,"href":"https:\/\/yepcampers.com\/es\/wp-json\/wp\/v2\/posts\/13225\/revisions"}],"wp:featuredmedia":[{"embeddable":true,"href":"https:\/\/yepcampers.com\/es\/wp-json\/wp\/v2\/media\/12864"}],"wp:attachment":[{"href":"https:\/\/yepcampers.com\/es\/wp-json\/wp\/v2\/media?parent=13225"}],"wp:term":[{"taxonomy":"category","embeddable":true,"href":"https:\/\/yepcampers.com\/es\/wp-json\/wp\/v2\/categories?post=13225"},{"taxonomy":"post_tag","embeddable":true,"href":"https:\/\/yepcampers.com\/es\/wp-json\/wp\/v2\/tags?post=13225"}],"curies":[{"name":"wp","href":"https:\/\/api.w.org\/{rel}","templated":true}]}}