{"id":5124,"date":"2019-02-26T22:47:47","date_gmt":"2019-02-26T22:47:47","guid":{"rendered":"https:\/\/yepcampers.com\/blog\/sardinien-erkunden\/10-tagiger-camper-roadtrip-im-sudwesten-sardiniens\/"},"modified":"2019-02-27T00:21:27","modified_gmt":"2019-02-27T00:21:27","slug":"roadtrip-sudwesten-sardiniens","status":"publish","type":"post","link":"https:\/\/yepcampers.com\/de\/blog\/roadtrip-sardinien\/roadtrip-sudwesten-sardiniens\/","title":{"rendered":"10-t\u00e4giger Camper-Roadtrip im S\u00fcdwesten Sardiniens"},"content":{"rendered":"\n<p>Wir schlagen Ihnen eine gro\u00dfartige <strong><a href=\"https:\/\/yepcampers.com\/de\/blog\/roadtrip-sardinien\/\">Reiseroute durch Sardinien vor<\/a><\/strong>, auf der Sie durch wilde und weniger bekannte Gebiete des Hinterlandes fahren und sch\u00f6ne Orte am Meer entdecken. Die Route beginnt in <strong>Cagliari<\/strong>, der charmanten <strong>Hauptstadt Sardiniens<\/strong>, und f\u00fchrt weiter in Richtung <strong>Sulcis und der Westk\u00fcste<\/strong>.<\/p>\n\n\n\n<figure class=\"wp-block-image\"><img fetchpriority=\"high\" decoding=\"async\" width=\"960\" height=\"480\" src=\"https:\/\/yepcampers.com\/wp-content\/uploads\/2019\/02\/sonnenuntergang-cagliari.jpg\" alt=\"Sonnenuntergang im sch\u00f6nen Cagliari, umgeben vom Meer\" class=\"wp-image-5078\" srcset=\"https:\/\/yepcampers.com\/wp-content\/uploads\/2019\/02\/sonnenuntergang-cagliari.jpg 960w, https:\/\/yepcampers.com\/wp-content\/uploads\/2019\/02\/sonnenuntergang-cagliari-400x200.jpg 400w, https:\/\/yepcampers.com\/wp-content\/uploads\/2019\/02\/sonnenuntergang-cagliari-768x384.jpg 768w, https:\/\/yepcampers.com\/wp-content\/uploads\/2019\/02\/sonnenuntergang-cagliari-500x250.jpg 500w\" sizes=\"(max-width: 960px) 100vw, 960px\" \/><figcaption>Sonnenuntergang im sch\u00f6nen Cagliari, umgeben vom Meer.<\/figcaption><\/figure>\n\n\n\n<h2 class=\"wp-block-heading\">Von Cagliari bis zur Iglesiente<\/h2>\n\n\n\n<p>Am ersten Tag unserer <strong>s\u00fcdwestlichen Sardinien-Route<\/strong> werden wir uns durch W\u00e4lder und einsame Gebiete ins Landesinnere bewegen. Nachdem wir die S.S. 130 in Richtung <strong>Iglesias <\/strong>genommen haben, werden wir bei <strong>Siliqua <\/strong>die S.S. 293 in Richtung <strong>Giba <\/strong>nehmen. Auf der linken Seite befindet sich das Schloss von <strong>Acquafredda<\/strong>, dessen Bau dem ber\u00fchmten pisanischen Adligen Ugolino Della Gherardesca zu verdanken ist. Es ist erw\u00e4hnenswert, dass das Leben des Grafen Ugolino durch die Verse von Dante Alighieri in der G\u00f6ttlichen Kom\u00f6die ber\u00fchmt wurde.<\/p>\n\n\n\n<figure class=\"wp-block-image\"><img decoding=\"async\" width=\"960\" height=\"480\" src=\"https:\/\/yepcampers.com\/wp-content\/uploads\/2019\/02\/castle-nightturn-acquafredda.jpg\" alt=\"Nachtaufnahme des Schlosses von Acquafredda\" class=\"wp-image-5082\" srcset=\"https:\/\/yepcampers.com\/wp-content\/uploads\/2019\/02\/castle-nightturn-acquafredda.jpg 960w, https:\/\/yepcampers.com\/wp-content\/uploads\/2019\/02\/castle-nightturn-acquafredda-400x200.jpg 400w, https:\/\/yepcampers.com\/wp-content\/uploads\/2019\/02\/castle-nightturn-acquafredda-768x384.jpg 768w, https:\/\/yepcampers.com\/wp-content\/uploads\/2019\/02\/castle-nightturn-acquafredda-500x250.jpg 500w\" sizes=\"(max-width: 960px) 100vw, 960px\" \/><figcaption>Das Schloss von Acquafredda, Foto GML<\/figcaption><\/figure>\n\n\n\n<p>Von Mittwoch bis Sonntag k\u00f6nnen Interessierte einige Tage im Voraus eine F\u00fchrung durch das Schloss bei der <strong>Societ\u00e0 Cooperativa Antarias<\/strong> buchen. Die Genossenschaft Antarias verwaltet dieses wichtige mittelalterliche befestigte Geb\u00e4ude.<\/p>\n\n\n\n<p>Weiter geht es durch W\u00e4lder und sehr malerische Abschnitte der mediterranen Vegetation zum Dorf <strong>Acquacadda <\/strong>und dann zum Dorf <strong>Nuxis<\/strong>. Nuxis ist eine ber\u00fchmte Stadt auf Sardinien f\u00fcr die gro\u00dfe Vielfalt und Verf\u00fcgbarkeit von Pilzen in ihrem Gebiet. Zur\u00fcck auf der S.S. 293 erreichen wir <strong>Giba<\/strong>, <strong>Sant&#8217;Anna Arresi<\/strong> und schlie\u00dflich <strong>Porto Pino<\/strong>, die erste Perle unseres <strong>Camper-Roadtrips im S\u00fcdwesten von Sardinien<\/strong>.<\/p>\n\n\n\n<h2 class=\"wp-block-heading\">Porto Pino &#8211; Perle von Sardinien<\/h2>\n\n\n\n<p>Der zweite Tag beginnt direkt in <strong>Porto Pino<\/strong>, dessen etwa vier Kilometer langer Strand durch einen alten Teicheinlass in zwei Teile geteilt ist: <strong>den ersten und den zweiten Strand.<\/strong><\/p>\n\n\n\n<figure class=\"wp-block-image\"><img decoding=\"async\" width=\"960\" height=\"640\" src=\"https:\/\/yepcampers.com\/wp-content\/uploads\/2019\/02\/porto-pino-erster-strand.jpg\" alt=\"Das kristallklare Meer des ersten Strandes von Porto Pino\" class=\"wp-image-5086\" srcset=\"https:\/\/yepcampers.com\/wp-content\/uploads\/2019\/02\/porto-pino-erster-strand.jpg 960w, https:\/\/yepcampers.com\/wp-content\/uploads\/2019\/02\/porto-pino-erster-strand-400x267.jpg 400w, https:\/\/yepcampers.com\/wp-content\/uploads\/2019\/02\/porto-pino-erster-strand-768x512.jpg 768w, https:\/\/yepcampers.com\/wp-content\/uploads\/2019\/02\/porto-pino-erster-strand-500x333.jpg 500w\" sizes=\"(max-width: 960px) 100vw, 960px\" \/><figcaption>Der erste Strand von Porto Pino mit seinem transparenten Wasser<\/figcaption><\/figure>\n\n\n\n<p>Der <strong>erste Strand von Porto Pino<\/strong> mit seinem transparenten Wasser Der erste Strand, unweit der Parkpl\u00e4tze, ist durch grauen Sand gekennzeichnet. Der <strong>zweite Strand<\/strong>, der zwischen Lagunen und Pinienwald liegt, besteht hingegen aus wundersch\u00f6nem wei\u00dfen Sand und grenzt an die erstaunliche <strong>Is Arenas Biancas<\/strong>. Letztere, bis vor einigen Jahren noch f\u00fcr die \u00d6ffentlichkeit gesperrt, ist ein faszinierendes Gebiet mit weichen und hohen Sandh\u00fcgeln, die bis zu drei\u00dfig Meter hoch werden.<\/p>\n\n\n\n<figure class=\"wp-block-image\"><img loading=\"lazy\" decoding=\"async\" width=\"960\" height=\"640\" src=\"https:\/\/yepcampers.com\/wp-content\/uploads\/2019\/02\/porto-pino-d\u00fcnen.jpg\" alt=\"Die wundersch\u00f6nen D\u00fcnen von Porto Pino mit Blick auf das Meer\" class=\"wp-image-5090\" srcset=\"https:\/\/yepcampers.com\/wp-content\/uploads\/2019\/02\/porto-pino-d\u00fcnen.jpg 960w, https:\/\/yepcampers.com\/wp-content\/uploads\/2019\/02\/porto-pino-d\u00fcnen-400x267.jpg 400w, https:\/\/yepcampers.com\/wp-content\/uploads\/2019\/02\/porto-pino-d\u00fcnen-768x512.jpg 768w, https:\/\/yepcampers.com\/wp-content\/uploads\/2019\/02\/porto-pino-d\u00fcnen-500x333.jpg 500w\" sizes=\"(max-width: 960px) 100vw, 960px\" \/><figcaption>Die wundersch\u00f6nen D\u00fcnen von Porto Pino mit Blick auf das Meer<\/figcaption><\/figure>\n\n\n\n<p>Von <strong>Porto Pino<\/strong> aus nehmen wir, nachdem wir die Stra\u00dfe nach <strong>Sant&#8217;Anna Arresi<\/strong> genommen haben, bei <strong>Is Pillonis<\/strong> die Provinzstra\u00dfe 73 nach <strong>S. Giovanni Suergiu<\/strong> und erreichen dann <strong>Sant&#8217;Antioco<\/strong>. Hier werden wir die zweite Nacht auf <strong>unserem Roadtrip verbringen<\/strong>.<\/p>\n\n\n\n<h2 class=\"wp-block-heading\">Die Str\u00e4nde von Sant&#8217;Antioco<\/h2>\n\n\n\n<p>Der dritte Tag ist ganz dem Besuch von <strong>Sant&#8217;Antioco<\/strong> und seinen Str\u00e4nden gewidmet. Das gleichnamige Stadtzentrum verf\u00fcgt \u00fcber einige sehr interessante arch\u00e4ologische St\u00e4tten. Hier befinden sich <strong>vorchristliche Katakomben<\/strong>, eine <strong>punische Nekropolis<\/strong> und der <strong>Tophet<\/strong>, ein heiliger Ort in der religi\u00f6sen Praxis der Ph\u00f6nizier und Punier. Eine F\u00fchrung durch fachkundige F\u00fchrer durch die Anlage ist umfassend und spannend.<\/p>\n\n\n\n<p>Die Erkundung der Insel f\u00fchrt uns zu Orten, die nicht sehr beliebt, aber von gro\u00dfer Sch\u00f6nheit sind, wie zum Beispiel die Str\u00e4nde von <strong>Cala Lunga<\/strong> und <strong>Cala Sapone<\/strong> an der Westk\u00fcste.<\/p>\n\n\n\n<figure class=\"wp-block-image\"><img loading=\"lazy\" decoding=\"async\" width=\"960\" height=\"540\" src=\"https:\/\/yepcampers.com\/wp-content\/uploads\/2019\/02\/cala-lunga-strand.jpg\" alt=\"Der Strand von Cala lunga, eingebettet zwischen den Bergen mit dem einzigartigen kristallklaren Meer von Sardinien\" class=\"wp-image-5094\" srcset=\"https:\/\/yepcampers.com\/wp-content\/uploads\/2019\/02\/cala-lunga-strand.jpg 960w, https:\/\/yepcampers.com\/wp-content\/uploads\/2019\/02\/cala-lunga-strand-400x225.jpg 400w, https:\/\/yepcampers.com\/wp-content\/uploads\/2019\/02\/cala-lunga-strand-768x432.jpg 768w, https:\/\/yepcampers.com\/wp-content\/uploads\/2019\/02\/cala-lunga-strand-500x281.jpg 500w\" sizes=\"(max-width: 960px) 100vw, 960px\" \/><figcaption>Das wundersch\u00f6ne Cala Lunga in Sant&#8217;Antioco<\/figcaption><\/figure>\n\n\n\n<p>Auf dem Weg nach S\u00fcden erreichen wir <strong>Capo Sperone<\/strong> und dann, der Stra\u00dfe entlang der Ostk\u00fcste von <strong>Sant&#8217;Antioco<\/strong> folgend, das Dorf <strong>Maladroxia <\/strong>mit seinem sch\u00f6nen, unber\u00fchrten und menschenleeren Strand.<\/p>\n\n\n\n<figure class=\"wp-block-image\"><img loading=\"lazy\" decoding=\"async\" width=\"960\" height=\"641\" src=\"https:\/\/yepcampers.com\/wp-content\/uploads\/2019\/02\/strand-maladroxia-santantioco.jpg\" alt=\"Der unber\u00fchrte und verlassene Strand von Maldroxia, die Perle der Insel Sant'Antioco\" class=\"wp-image-5098\" srcset=\"https:\/\/yepcampers.com\/wp-content\/uploads\/2019\/02\/strand-maladroxia-santantioco.jpg 960w, https:\/\/yepcampers.com\/wp-content\/uploads\/2019\/02\/strand-maladroxia-santantioco-400x267.jpg 400w, https:\/\/yepcampers.com\/wp-content\/uploads\/2019\/02\/strand-maladroxia-santantioco-768x513.jpg 768w, https:\/\/yepcampers.com\/wp-content\/uploads\/2019\/02\/strand-maladroxia-santantioco-500x334.jpg 500w\" sizes=\"(max-width: 960px) 100vw, 960px\" \/><figcaption>Der unber\u00fchrte und verlassene Strand von Maldroxia, die Perle der Insel Sant&#8217;Antioco<\/figcaption><\/figure>\n\n\n\n<p>Am vierten und f\u00fcnften Tag ist es unm\u00f6glich, die ber\u00fchmte Insel <strong>San Pietro<\/strong> und ihre wichtigste Stadt, <strong>Carloforte<\/strong>, nicht zu besuchen.<\/p>\n\n\n\n<p>Um sie zu erreichen, muss man zur sch\u00f6nen <strong>Calasetta<\/strong>, der Nordspitze der Insel <strong>Sant&#8217;Antioco<\/strong>, fahren und eine der regelm\u00e4\u00dfigen F\u00e4hren nach <strong>Carloforte <\/strong>nehmen.<\/p>\n\n\n\n<h2 class=\"wp-block-heading\">Carloforte mit dem Camper<\/h2>\n\n\n\n<p>Die Erkundung der Insel <strong>Carloforte <\/strong>mit dem Wohnmobil wird ein unvergessliches Erlebnis sein: Um diese fantastische <strong>&#8222;Insel auf der Insel&#8220;<\/strong> in vollen Z\u00fcgen genie\u00dfen und alle ihre Attraktionen besuchen zu k\u00f6nnen, empfehlen wir einen Zwischenstopp von mindestens zwei N\u00e4chten.<\/p>\n\n\n\n<p>Die <strong>Carloforte Camper-Exkursion<\/strong> beinhaltet einen Besuch im Norden der Thunfischfalle bei <strong>La Punta<\/strong> mit Blick auf die kleine <strong>Isola Piana<\/strong>. Der nahegelegene <strong>Capo Sandalo<\/strong>, im Westen, hat einen wundersch\u00f6nen Platz an der K\u00fcste darunter. Die Insel ist haupts\u00e4chlich felsig, aber der Strand <strong>La Caletta<\/strong> ist sicherlich attraktiv, ebenso wie die Buchten von <strong>Cala Vinagra<\/strong> und <strong>Cala Fico<\/strong>.<\/p>\n\n\n\n<figure class=\"wp-block-image\"><img loading=\"lazy\" decoding=\"async\" width=\"960\" height=\"640\" src=\"https:\/\/yepcampers.com\/wp-content\/uploads\/2019\/02\/strand-carloforte.jpg\" alt=\"Ein wundersch\u00f6ner und einsamer Strand von Carloforte\" class=\"wp-image-5102\" srcset=\"https:\/\/yepcampers.com\/wp-content\/uploads\/2019\/02\/strand-carloforte.jpg 960w, https:\/\/yepcampers.com\/wp-content\/uploads\/2019\/02\/strand-carloforte-400x267.jpg 400w, https:\/\/yepcampers.com\/wp-content\/uploads\/2019\/02\/strand-carloforte-768x512.jpg 768w, https:\/\/yepcampers.com\/wp-content\/uploads\/2019\/02\/strand-carloforte-500x333.jpg 500w\" sizes=\"(max-width: 960px) 100vw, 960px\" \/><figcaption>Ein wundersch\u00f6ner und einsamer Strand von Carloforte<\/figcaption><\/figure>\n\n\n\n<p><strong>Carloforte <\/strong>selbst war urspr\u00fcnglich tabarchinisch, was den Dialekt, die Br\u00e4uche, die Berufe, die Architektur und die Stadtplanung der Stadt selbst beeinflusst. Es ist angenehm, die Promenade mit den sch\u00f6nen Fassaden der Geb\u00e4ude aus dem 19. Jahrhundert zu besuchen, die von hohen Palmen und Oleandern beschattet werden. Unter den kulinarischen Spezialit\u00e4ten sollten Sie den hier gekochten Thunfisch in vielerlei Hinsicht nicht verpassen. In der N\u00e4he k\u00f6nnen wir die <strong>&#8222;Guardia dei Mori&#8220;<\/strong> besuchen, eine Anh\u00f6he, von der aus wir die ganze Insel mit der K\u00fcste Sardiniens im Hintergrund sehen k\u00f6nnen.<\/p>\n\n\n\n<h2 class=\"wp-block-heading\">Auf dem Weg nach Masua: der Pan di Zucchero<\/h2>\n\n\n\n<p>Nachdem wir am sechsten Tag mit der F\u00e4hre nach <strong>Portoscuso<\/strong> auf das sardische Festland zur\u00fcckgekehrt sind, fahren wir nach Norden in Richtung <strong>Iglesias<\/strong> und dann nach <strong>Nebida<\/strong>. Von der Stra\u00dfe aus wird der Blick auf <strong>Funtanamare<\/strong>, <strong>Masua<\/strong> und den Felsen <strong>&#8222;Pan di Zuccero&#8220;<\/strong> unvergesslich sein, bis Sie die bezaubernde <strong>Cala Domestica<\/strong> erreichen.<\/p>\n\n\n\n<figure class=\"wp-block-image\"><img loading=\"lazy\" decoding=\"async\" width=\"960\" height=\"640\" src=\"https:\/\/yepcampers.com\/wp-content\/uploads\/2019\/02\/masua-paradies-kletterer.jpeg\" alt=\"Masua mit seinem wundersch\u00f6nen Pan di Zucchero, dem Kletterparadies auf Sardinien\" class=\"wp-image-5106\" srcset=\"https:\/\/yepcampers.com\/wp-content\/uploads\/2019\/02\/masua-paradies-kletterer.jpeg 960w, https:\/\/yepcampers.com\/wp-content\/uploads\/2019\/02\/masua-paradies-kletterer-400x267.jpeg 400w, https:\/\/yepcampers.com\/wp-content\/uploads\/2019\/02\/masua-paradies-kletterer-768x512.jpeg 768w, https:\/\/yepcampers.com\/wp-content\/uploads\/2019\/02\/masua-paradies-kletterer-500x333.jpeg 500w\" sizes=\"(max-width: 960px) 100vw, 960px\" \/><figcaption>Masua mit seinem wundersch\u00f6nen Pan di Zucchero, dem Kletterparadies auf Sardinien<\/figcaption><\/figure>\n\n\n\n<p>Ein Spaziergang auf der linken Seite des Bergr\u00fcckens zum spanischen Turm bietet einen sch\u00f6nen Blick \u00fcber diese Bucht. Sie erreichen dann <strong>Buggerru<\/strong>, ein altes Bergbauzentrum, wo Sie die Nacht des sechsten Tages unseres <strong><a href=\"https:\/\/yepcampers.com\/de\/deine-reise\/\">Roadtrips auf Sardinien<\/a><\/strong> verbringen k\u00f6nnen.<\/p>\n\n\n\n<h2 class=\"wp-block-heading\">Die Str\u00e4nde an Sardiniens Costa Verde<\/h2>\n\n\n\n<p>Zu Beginn des siebten Tages werden wir im s\u00fcdlichen Teil der <strong>Costa Verde<\/strong> sein, wo es sehr sch\u00f6ne Str\u00e4nde gibt. Von <strong>Buggerru <\/strong>aus erreichen wir den gro\u00dfen Strand von <strong>Portixeddu<\/strong>, von wo aus eine Nebenstra\u00dfe zum wilden Vorgebirge von <strong>Capo Pecora<\/strong> f\u00fchrt.<\/p>\n\n\n\n<p>Von nun an gibt es keine Stra\u00dfen mehr nach Norden. Aus diesem Grund ist es notwendig, in das Innere der Insel zu fahren, entlang der gewundenen S.S.126 nach <strong>Arbus<\/strong>, dann auf der Provincial 66 nach <strong>Ingurtosu <\/strong>und anschlie\u00dfend bei <strong>Piscinas <\/strong>hinab in Richtung Meer. Trotz der schwierigen Route, \u00fcber die man es erreicht, wird <strong>Piscinas <\/strong>ein unvergesslicher Ort sein. Die Transparenz des Meeres und die allgegenw\u00e4rtigen goldenen Sandd\u00fcnen machen diesen Ort einzigartig.<\/p>\n\n\n\n<figure class=\"wp-block-image\"><img loading=\"lazy\" decoding=\"async\" width=\"960\" height=\"650\" src=\"https:\/\/yepcampers.com\/wp-content\/uploads\/2019\/02\/emma-d\u00fcnen-piscinas.jpg\" alt=\"Das wunderbare und wilde Piscinas mit seinen hohen D\u00fcnen aus wei\u00dfem Sand\" class=\"wp-image-5110\" srcset=\"https:\/\/yepcampers.com\/wp-content\/uploads\/2019\/02\/emma-d\u00fcnen-piscinas.jpg 960w, https:\/\/yepcampers.com\/wp-content\/uploads\/2019\/02\/emma-d\u00fcnen-piscinas-400x271.jpg 400w, https:\/\/yepcampers.com\/wp-content\/uploads\/2019\/02\/emma-d\u00fcnen-piscinas-768x520.jpg 768w, https:\/\/yepcampers.com\/wp-content\/uploads\/2019\/02\/emma-d\u00fcnen-piscinas-500x339.jpg 500w\" sizes=\"(max-width: 960px) 100vw, 960px\" \/><figcaption>Das wunderbare und wilde Piscinas mit seinen hohen D\u00fcnen aus wei\u00dfem Sand<\/figcaption><\/figure>\n\n\n\n<p>Am n\u00e4chsten Tag fahren wir weiter an der <strong>Costa Verde<\/strong> entlang in Richtung Norden und machen Halt im wundersch\u00f6nen <strong>Portu Maga<\/strong>, <strong>Gutturu e Flumini<\/strong>, <strong>Funtanazza <\/strong>und vor allem in <strong>Torre dei Corsari<\/strong>, das von Sandd\u00fcnen umgeben ist. Wir halten f\u00fcr die Nacht in der N\u00e4he des Strandes von <strong>Pistis<\/strong>, einer endlosen Fl\u00e4che von 1,5km goldener Sandh\u00fcgel, die von einem au\u00dfergew\u00f6hnlichen Bildhauer, dem <strong>Mistral<\/strong>, geformt wurden.<\/p>\n\n\n\n<figure class=\"wp-block-image\"><img loading=\"lazy\" decoding=\"async\" width=\"960\" height=\"518\" src=\"https:\/\/yepcampers.com\/wp-content\/uploads\/2019\/02\/d\u00e4mmerung-portu-maga.jpeg\" alt=\"Sonnenuntergang in Portu Maga, einem der unber\u00fchrtesten und wildesten Orte Sardiniens\" class=\"wp-image-5114\" srcset=\"https:\/\/yepcampers.com\/wp-content\/uploads\/2019\/02\/d\u00e4mmerung-portu-maga.jpeg 960w, https:\/\/yepcampers.com\/wp-content\/uploads\/2019\/02\/d\u00e4mmerung-portu-maga-400x216.jpeg 400w, https:\/\/yepcampers.com\/wp-content\/uploads\/2019\/02\/d\u00e4mmerung-portu-maga-768x414.jpeg 768w, https:\/\/yepcampers.com\/wp-content\/uploads\/2019\/02\/d\u00e4mmerung-portu-maga-500x270.jpeg 500w\" sizes=\"(max-width: 960px) 100vw, 960px\" \/><figcaption>Sonnenuntergang in Portu Maga, einem der unber\u00fchrtesten und wildesten Orte Sardiniens.<\/figcaption><\/figure>\n\n\n\n<p>Am neunten Tag kehren wir \u00fcber <strong>Sant&#8217;Antonio di Santadi<\/strong>, <strong>Pabillonis <\/strong>und <strong>S. Gavino<\/strong> nach <strong>Cagliari <\/strong>zur\u00fcck, bevor wir auf die schnelle S.S. 131 fahren.<\/p>\n\n\n\n<h2 class=\"wp-block-heading\">Cagliari und seine Sch\u00f6nheiten<\/h2>\n\n\n\n<p><strong>Cagliari <\/strong>ist die Hauptstadt der Region, eine ganzj\u00e4hrig lebendige Touristenstadt, die Sie mit ihrem historischen Zentrum und ihren Denkm\u00e4lern \u00fcberraschen wird. Nicht zu verpassen ist ein Besuch der <strong>Marina <\/strong>und des <strong>Castello<\/strong>, wo Sie den Abend in einem der typischen Clubs und Restaurants der Altstadt verbringen k\u00f6nnen.<\/p>\n\n\n\n<figure class=\"wp-block-image\"><img loading=\"lazy\" decoding=\"async\" width=\"960\" height=\"640\" src=\"https:\/\/yepcampers.com\/wp-content\/uploads\/2019\/02\/cagliari-sonnenstadt.jpg\" alt=\"Cagliari, die Stadt der Sonne mit Blick auf das Meer\" class=\"wp-image-5118\" srcset=\"https:\/\/yepcampers.com\/wp-content\/uploads\/2019\/02\/cagliari-sonnenstadt.jpg 960w, https:\/\/yepcampers.com\/wp-content\/uploads\/2019\/02\/cagliari-sonnenstadt-400x267.jpg 400w, https:\/\/yepcampers.com\/wp-content\/uploads\/2019\/02\/cagliari-sonnenstadt-768x512.jpg 768w, https:\/\/yepcampers.com\/wp-content\/uploads\/2019\/02\/cagliari-sonnenstadt-500x333.jpg 500w\" sizes=\"(max-width: 960px) 100vw, 960px\" \/><figcaption>Cagliari, die Stadt der Sonne mit Blick auf das Meer<\/figcaption><\/figure>\n\n\n\n<p>Der zehnte und letzte Tag ist der Erkundung der Str\u00e4nde rund um die Stadt <strong>Cagliari<\/strong> gewidmet. Eine ausgezeichnete und originelle Idee ist es, eine Sup bei <strong>Poetto<\/strong> zu mieten, um, am besten mit einem lokalen Reisef\u00fchrer, den <strong>Sella del Diavolo<\/strong> zu besuchen. Dieser Ausflug, der noch wenig bekannt ist, wird Sie ein echtes Stadtparadies entdecken lassen! Die Klippe, die das kristallklare Wasser \u00fcberragt, ist ein versteckter Schatz, den viel ber\u00fchmtere und \u00fcberf\u00fcllte Orte auf der Insel beneiden!<\/p>\n\n\n\n<figure class=\"wp-block-image\"><img loading=\"lazy\" decoding=\"async\" width=\"960\" height=\"640\" src=\"https:\/\/yepcampers.com\/wp-content\/uploads\/2019\/02\/sella-del-diavolo-sup-exkursion.jpg\" alt=\"Stehpaddelausflug zu den Klippen von Sella del Diavolo, einem Paradies nur wenige Meter vom Stadtzentrum von Cagliari entfernt\" class=\"wp-image-5122\" srcset=\"https:\/\/yepcampers.com\/wp-content\/uploads\/2019\/02\/sella-del-diavolo-sup-exkursion.jpg 960w, https:\/\/yepcampers.com\/wp-content\/uploads\/2019\/02\/sella-del-diavolo-sup-exkursion-400x267.jpg 400w, https:\/\/yepcampers.com\/wp-content\/uploads\/2019\/02\/sella-del-diavolo-sup-exkursion-768x512.jpg 768w, https:\/\/yepcampers.com\/wp-content\/uploads\/2019\/02\/sella-del-diavolo-sup-exkursion-500x333.jpg 500w\" sizes=\"(max-width: 960px) 100vw, 960px\" \/><figcaption>Stehpaddelausflug zu den Klippen von Sella del Diavolo, einem Paradies nur wenige Meter vom Stadtzentrum von Cagliari entfernt<\/figcaption><\/figure>\n\n\n\n<p>In diesem versteckten <strong>Paradies der Stadt Cagliari<\/strong> endet unser <strong>10-t\u00e4giger Roadtrip im S\u00fcdwesten Sardiniens<\/strong>, nur wenige Kilometer vom Flughafen entfernt!<\/p>\n\n\n\n<p style=\"text-align:center\" class=\"has-small-font-size\"><em><strong>Wussten Sie, dass es mit Yep Campers m\u00f6glich ist, den Camper in der Stadt Cagliari abzuholen\/zur\u00fcckzugeben? Sie k\u00f6nnen Ihre Reise nur wenige Schritte vom Flughafen oder am Flughafen selbst beginnen und beenden und die An- und Abreisetage der Erkundung der Hauptstadt Sardiniens widmen!<\/strong><\/em><br><a data-abc=\"true\" href=\"https:\/\/yepcampers.com\/de\/#bookings\">BUCHEN SIE HIER<\/a><\/p>\n","protected":false},"excerpt":{"rendered":"<p>Wir schlagen Ihnen eine gro\u00dfartige Reiseroute durch Sardinien vor, auf der Sie durch wilde und weniger bekannte Gebiete des Hinterlandes fahren und sch\u00f6ne Orte am Meer entdecken. Die Route beginnt in Cagliari, der charmanten Hauptstadt Sardiniens, und f\u00fchrt weiter in Richtung Sulcis und der Westk\u00fcste. Von Cagliari bis zur Iglesiente Am ersten Tag unserer s\u00fcdwestlichen [&hellip;]<\/p>\n","protected":false},"author":4,"featured_media":5074,"comment_status":"closed","ping_status":"closed","sticky":false,"template":"","format":"standard","meta":{"site-sidebar-layout":"right-sidebar","site-content-layout":"plain-container","ast-site-content-layout":"default","site-content-style":"default","site-sidebar-style":"default","ast-global-header-display":"","ast-banner-title-visibility":"","ast-main-header-display":"","ast-hfb-above-header-display":"","ast-hfb-below-header-display":"","ast-hfb-mobile-header-display":"","site-post-title":"","ast-breadcrumbs-content":"","ast-featured-img":"","footer-sml-layout":"","ast-disable-related-posts":"","theme-transparent-header-meta":"default","adv-header-id-meta":"","stick-header-meta":"default","header-above-stick-meta":"","header-main-stick-meta":"","header-below-stick-meta":"","astra-migrate-meta-layouts":"default","ast-page-background-enabled":"default","ast-page-background-meta":{"desktop":{"background-color":"","background-image":"","background-repeat":"repeat","background-position":"center center","background-size":"auto","background-attachment":"scroll","background-type":"","background-media":"","overlay-type":"","overlay-color":"","overlay-opacity":"","overlay-gradient":""},"tablet":{"background-color":"","background-image":"","background-repeat":"repeat","background-position":"center center","background-size":"auto","background-attachment":"scroll","background-type":"","background-media":"","overlay-type":"","overlay-color":"","overlay-opacity":"","overlay-gradient":""},"mobile":{"background-color":"","background-image":"","background-repeat":"repeat","background-position":"center center","background-size":"auto","background-attachment":"scroll","background-type":"","background-media":"","overlay-type":"","overlay-color":"","overlay-opacity":"","overlay-gradient":""}},"ast-content-background-meta":{"desktop":{"background-color":"var(--ast-global-color-5)","background-image":"","background-repeat":"repeat","background-position":"center center","background-size":"auto","background-attachment":"scroll","background-type":"","background-media":"","overlay-type":"","overlay-color":"","overlay-opacity":"","overlay-gradient":""},"tablet":{"background-color":"var(--ast-global-color-5)","background-image":"","background-repeat":"repeat","background-position":"center center","background-size":"auto","background-attachment":"scroll","background-type":"","background-media":"","overlay-type":"","overlay-color":"","overlay-opacity":"","overlay-gradient":""},"mobile":{"background-color":"var(--ast-global-color-5)","background-image":"","background-repeat":"repeat","background-position":"center center","background-size":"auto","background-attachment":"scroll","background-type":"","background-media":"","overlay-type":"","overlay-color":"","overlay-opacity":"","overlay-gradient":""}},"footnotes":""},"categories":[42],"tags":[],"class_list":["post-5124","post","type-post","status-publish","format-standard","has-post-thumbnail","hentry","category-roadtrip-sardinien"],"_links":{"self":[{"href":"https:\/\/yepcampers.com\/de\/wp-json\/wp\/v2\/posts\/5124","targetHints":{"allow":["GET"]}}],"collection":[{"href":"https:\/\/yepcampers.com\/de\/wp-json\/wp\/v2\/posts"}],"about":[{"href":"https:\/\/yepcampers.com\/de\/wp-json\/wp\/v2\/types\/post"}],"author":[{"embeddable":true,"href":"https:\/\/yepcampers.com\/de\/wp-json\/wp\/v2\/users\/4"}],"replies":[{"embeddable":true,"href":"https:\/\/yepcampers.com\/de\/wp-json\/wp\/v2\/comments?post=5124"}],"version-history":[{"count":0,"href":"https:\/\/yepcampers.com\/de\/wp-json\/wp\/v2\/posts\/5124\/revisions"}],"wp:featuredmedia":[{"embeddable":true,"href":"https:\/\/yepcampers.com\/de\/wp-json\/wp\/v2\/media\/5074"}],"wp:attachment":[{"href":"https:\/\/yepcampers.com\/de\/wp-json\/wp\/v2\/media?parent=5124"}],"wp:term":[{"taxonomy":"category","embeddable":true,"href":"https:\/\/yepcampers.com\/de\/wp-json\/wp\/v2\/categories?post=5124"},{"taxonomy":"post_tag","embeddable":true,"href":"https:\/\/yepcampers.com\/de\/wp-json\/wp\/v2\/tags?post=5124"}],"curies":[{"name":"wp","href":"https:\/\/api.w.org\/{rel}","templated":true}]}}